{"id":364,"date":"2023-03-20T00:10:00","date_gmt":"2023-03-20T00:10:00","guid":{"rendered":"https:\/\/szentjozsef.org\/2023\/03\/20\/a-csend-embere-szent-jozsef\/"},"modified":"2023-08-24T16:55:27","modified_gmt":"2023-08-24T16:55:27","slug":"a-csend-embere-szent-jozsef","status":"publish","type":"post","link":"https:\/\/szentjozsef.org\/hu\/2023\/nem-kategorizalt\/a-csend-embere-szent-jozsef\/","title":{"rendered":"A csend embere: Szent J\u00f3zsef"},"content":{"rendered":"\n<figure class=\"wp-block-embed is-type-video is-provider-youtube wp-block-embed-youtube wp-embed-aspect-16-9 wp-has-aspect-ratio\"><div class=\"wp-block-embed__wrapper\">\n<iframe loading=\"lazy\" title=\"A csend embere: Szent J\u00f3zsef \u2013 Nagyb\u00f6jti r\u00e1hangol\u00f3\" width=\"660\" height=\"371\" src=\"https:\/\/www.youtube.com\/embed\/FLjfDGrdvbw?feature=oembed\" frameborder=\"0\" allow=\"accelerometer; autoplay; clipboard-write; encrypted-media; gyroscope; picture-in-picture; web-share\" referrerpolicy=\"strict-origin-when-cross-origin\" allowfullscreen><\/iframe>\n<\/div><\/figure>\n\n<h3 class=\"wp-block-heading\">Evang\u00e9lium Szent M\u00e1t\u00e9 szerint 1,16.18-21.24a.<\/h3>\n\n<p>J\u00e1kob nemzette J\u00f3zsefet, M\u00e1ri\u00e1nak a f\u00e9rj\u00e9t, aki a Krisztusnak nevezett J\u00e9zust sz\u00fclte.<br\/>J\u00e9zus Krisztus sz\u00fclet\u00e9s\u00e9nek ez a t\u00f6rt\u00e9nete: Anyja, M\u00e1ria, J\u00f3zsefnek a jegyese, m\u00e9g miel\u0151tt egybekeltek volna, \u00fagy tal\u00e1ltatott, hogy gyermeket fogant a Szentl\u00e9lekt\u0151l.<br\/>F\u00e9rje, J\u00f3zsef igaz ember volt, nem akarta a nyilv\u00e1noss\u00e1g el\u0151tt megsz\u00e9gyen\u00edteni, ez\u00e9rt \u00fagy hat\u00e1rozott, hogy titokban bocs\u00e1tja el.<br\/>M\u00edg ezen t\u00f6prengett, megjelent neki \u00e1lm\u00e1ban az \u00dar angyala, \u00e9s \u00edgy sz\u00f3lt hozz\u00e1: \u201eJ\u00f3zsef, D\u00e1vid fia, ne f\u00e9lj magadhoz venni feles\u00e9gedet M\u00e1ri\u00e1t, hiszen a benne fogant \u00e9let a Szentl\u00e9lekt\u0151l van!<br\/>Fi\u00fat sz\u00fcl, akit J\u00e9zusnak nevezel el, mert \u0151 szabad\u00edtja meg n\u00e9p\u00e9t b\u0171neit\u0151l.\u201d<br\/>J\u00f3zsef erre f\u00f6l\u00e9bredt \u00e1lm\u00e1b\u00f3l \u00e9s \u00fagy tett, ahogy az \u00dar angyala parancsolta.<\/p>\n\n<p><em><sub>Kivonat a Bibli\u00e1b\u00f3l: Szent Istv\u00e1n T\u00e1rsulati Biblia.<\/sub><\/em><\/p>\n\n<h3 class=\"wp-block-heading\">Reflexi\u00f3<\/h3>\n\n<p>Szent J\u00f3zsefnek, a n\u00e1z\u00e1reti \u00e1csnak, M\u00e1ria jegyes\u00e9nek \u00e9s J\u00e9zus nevel\u0151apj\u00e1nak mai \u00fcnnep\u00e9n az \u0151 l\u00e1tom\u00e1s\u00e1r\u00f3l olvasunk az evang\u00e9liumban. M\u00e1rcius 19-\u00e9n volna az \u00fcnnep, de a nagyb\u00f6jti vas\u00e1rnap miatt id\u00e9n egy nappal k\u00e9s\u0151bb tartjuk.<br\/>J\u00f3zsef emberi m\u00f3don gondolkodik, amikor jegyes\u00e9r\u0151l, M\u00e1ri\u00e1r\u00f3l kider\u00fcl, hogy \u00e1ldott \u00e1llapotban van, gyermeket v\u00e1r, s emiatt meg akarja szak\u00edtani a jegyess\u00e9get. Tal\u00e1n a csal\u00f3dotts\u00e1g k\u00e9szteti \u0151t erre vagy azt hiszi, hogy M\u00e1ria h\u0171tlens\u00e9get k\u00f6vetett el. J\u00f3zsef nem szeretn\u00e9 M\u00e1ri\u00e1t nyilv\u00e1nosan sz\u00e9gyenbe hozni, mert tudja, hogy a zsid\u00f3 t\u00f6rv\u00e9nyek szerint biztos hal\u00e1l, megk\u00f6vez\u00e9s v\u00e1r jegyes\u00e9re, mint h\u00e1zass\u00e1gt\u00f6r\u0151re.<br\/>Ekkor t\u00f6rt\u00e9nik J\u00f3zsef l\u00e1tom\u00e1sa. Egy angyal jelenik meg neki, hogy beavassa \u0151t a titokba, a megv\u00e1lt\u00e1s terv\u00e9be, a hamarosan bek\u00f6vetkez\u0151 esem\u00e9nyekbe. J\u00f3zsef sz\u00e1nd\u00e9k\u00e1t megv\u00e1ltoztatja ez a jelen\u00e9s, ez az isteni k\u00f6zbeavatkoz\u00e1s, \u00e9s az \u00e1lm\u00e1ban kapott utas\u00edt\u00e1snak megfelel\u0151en mag\u00e1hoz veszi jegyes\u00e9t \u00e9s k\u00e9s\u0151bb saj\u00e1t csal\u00e1dja tagjak\u00e9nt neveli fel J\u00e9zust.<br\/>J\u00f3zsef hisz \u00e9s engedelmeskedik az isteni \u00fatmutat\u00e1snak, s ez\u00e1ltal megv\u00e1lt\u00e1sunk csendes szolg\u00e1ja lesz. V\u00e1llalja, hogy a sz\u00fcletend\u0151 gyermeknek nevel\u0151je legyen. <\/p>\n\n<p class=\"has-text-align-right\"><br\/><sub>\u00a9 S\u00e1ndor Istv\u00e1n Horv\u00e1th<\/sub><\/p>\n\n<h3 class=\"wp-block-heading\">Szent J\u00f3zsef lelki \u00e9let\u00e9nek els\u0151dlegess\u00e9ge<\/h3>\n\n<p>Csend bor\u00edtja mindazt, ami J\u00f3zsef alakj\u00e1val kapcsolatos, \u00e9s ez kiterjed a n\u00e1z\u00e1reti h\u00e1zban v\u00e9gzett \u00e1csmunk\u00e1ra is. M\u00e9gis, ez olyan hallgat\u00e1s, ami jeles\u00fcl f\u00f6lt\u00e1rja az \u0151 szem\u00e9ly\u00e9nek bels\u0151 term\u00e9szet\u00e9t. Az evang\u00e9liumok ugyanis kiz\u00e1r\u00f3lag arr\u00f3l besz\u00e9lnek, amit J\u00f3zsef \u201etett\u201d, \u00e1m az \u0151 csendbeburkol\u00f3z\u00f3 \u201ecselekedeteiben\u201d m\u00e9gis megragadhatjuk bel\u0151l\u00fck a m\u00e9lys\u00e9ges szeml\u00e9l\u0151d\u00e9s l\u00e9gk\u00f6r\u00e9t. J\u00f3zsef mindennapos kapcsolatban \u00e1llt az \u201e\u00f6r\u00f6kt\u0151l fogva elrejtett\u201d titokkal (cf Kol 1,26), amely az \u0151 h\u00e1z\u00e1ban \u201evett lak\u00f3helyet\u201d (Jn 1,14) mag\u00e1nak. P\u00e9ld\u00e1ul ez magyar\u00e1zza meg, mi\u00e9rt lett J\u00e9zusr\u00f3l nevezett Szent Ter\u00e9zia, a szeml\u00e9l\u0151d\u0151 karmelita rend nagy meg\u00faj\u00edt\u00f3ja Szent J\u00f3zsef tisztelet\u00e9nek buzg\u00f3 terjeszt\u0151je a nyugati kereszt\u00e9nyek k\u00f6r\u00e9ben. <\/p>\n\n<p>Eg\u00e9sz \u00e9let\u00e9nek egyetemes \u00e1ldozata \u2013 amit J\u00f3zsef hozott azoknak a k\u00f6vetelm\u00e9nyeknek, amelyek egy\u00fctt j\u00e1rtak a Messi\u00e1snak az \u0151 h\u00e1z\u00e1ba \u00e9rkez\u00e9s\u00e9vel \u2013 \u201eaz \u0151 kif\u00fcrk\u00e9szhetetlen bels\u0151 \u00e9let\u00e9ben\u201d tal\u00e1lja meg \u00e9sszer\u0171 igazol\u00e1s\u00e1t, \u201e&#8230;ahonnan eg\u00e9szen egyedi parancsok \u00e9s vigasztal\u00e1sok \u00e9rkeztek sz\u00e1m\u00e1ra, s ahonnan a tiszta \u00e9s egyszer\u0171 lelkekre jellemz\u0151, k\u00f6vetkezetes er\u0151 \u00e9s b\u00e1tors\u00e1g fakadt sz\u00e1m\u00e1ra, mely kell a nagy elhat\u00e1roz\u00e1sokhoz. P\u00e9ld\u00e1ul amikor J\u00f3zsef al\u00e1rendelte saj\u00e1t, jogos emberi szabads\u00e1g\u00e1t, h\u00e1zast\u00e1rsi boldogs\u00e1g\u00e1t az isteni akaratnak; amikor elfogadta a csal\u00e1di \u00e1llapotot \u00e9s k\u00f6telezetts\u00e9get annak s\u00faly\u00e1val egy\u00fctt, \u00e9s az egyed\u00fcl\u00e1ll\u00f3 sz\u0171zi szeretet jegy\u00e9ben lemondott a term\u00e9szetes h\u00e1zast\u00e1rsi szeretetr\u0151l, amely a h\u00e1zass\u00e1got \u00e9p\u00edti \u00e9s t\u00e1pl\u00e1lja.\u201d (VI. P\u00e1l). <\/p>\n\n<p>Ez az Isten ir\u00e1nti felt\u00e9tlen engedelmess\u00e9g, az akarat k\u00e9szs\u00e9ge mindaz ir\u00e1nt, ami az \u0150 szolg\u00e1lat\u00e1ra vonatkozik, nem m\u00e1s, mint a j\u00e1mbors\u00e1g gyakorl\u00e1sa, amely a vall\u00e1soss\u00e1g er\u00e9ny\u00e9nek egyik bizony\u00edt\u00e9ka, Szent Tom\u00e1s szerint.<\/p>\n\n<p class=\"has-text-align-right\">II. J\u00e1nos P\u00e1l (1920-2005)<br\/>p\u00e1pa<br\/><em><a href=\"https:\/\/www.vatican.va\/content\/john-paul-ii\/es\/apost_exhortations\/documents\/hf_jp-ii_exh_15081989_redemptoris-custos.html#:~:text=25.%20Tambi%C3%A9n%20el,%5B38%5D.\" target=\"_blank\" rel=\"noreferrer noopener\">Redemptoris custos, 25-26<\/a><\/em><\/p>\n<div class=\"wp-block-image\">\n<figure class=\"aligncenter size-full is-resized\"><img data-recalc-dims=\"1\" loading=\"lazy\" decoding=\"async\" src=\"https:\/\/i0.wp.com\/szentjozsef.org\/wp-content\/uploads\/2022\/01\/10-1.png?resize=300%2C300&#038;ssl=1\" alt=\"Szent J&#xF3;zsef \/ San Jos&#xE9;\" class=\"wp-image-15\" style=\"width:300px;height:300px\" width=\"300\" height=\"300\" srcset=\"https:\/\/i0.wp.com\/szentjozsef.org\/wp-content\/uploads\/2022\/01\/10-1.png?w=500&amp;ssl=1 500w, https:\/\/i0.wp.com\/szentjozsef.org\/wp-content\/uploads\/2022\/01\/10-1.png?resize=300%2C300&amp;ssl=1 300w, https:\/\/i0.wp.com\/szentjozsef.org\/wp-content\/uploads\/2022\/01\/10-1.png?resize=150%2C150&amp;ssl=1 150w\" sizes=\"auto, (max-width: 300px) 100vw, 300px\" \/><\/figure>\n<\/div>\n<blockquote class=\"wp-block-quote is-layout-flow wp-block-quote-is-layout-flow\">\n<p class=\"has-text-align-center\">Isten akarat\u00e1nak elfogad\u00e1s\u00e1val \u00e9s engedelmess\u00e9gemmel <br\/>\u00e9n is a hit \u00fatj\u00e1n indulok el.<\/p>\n<\/blockquote>\n","protected":false},"excerpt":{"rendered":"<p>Evang\u00e9lium Szent M\u00e1t\u00e9 szerint 1,16.18-21.24a. J\u00e1kob nemzette J\u00f3zsefet, M\u00e1ri\u00e1nak a f\u00e9rj\u00e9t, aki a Krisztusnak nevezett J\u00e9zust sz\u00fclte.J\u00e9zus Krisztus sz\u00fclet\u00e9s\u00e9nek ez a t\u00f6rt\u00e9nete: Anyja, M\u00e1ria, J\u00f3zsefnek a jegyese, m\u00e9g miel\u0151tt egybekeltek&hellip;<\/p>\n","protected":false},"author":1,"featured_media":389,"comment_status":"open","ping_status":"open","sticky":false,"template":"","format":"standard","meta":{"_jetpack_memberships_contains_paid_content":false,"footnotes":""},"categories":[1],"tags":[11],"class_list":["post-364","post","type-post","status-publish","format-standard","has-post-thumbnail","hentry","category-nem-kategorizalt","tag-szent-jozsef"],"yoast_head":"<!-- This site is optimized with the Yoast SEO Premium plugin v21.3 (Yoast SEO v27.4) - https:\/\/yoast.com\/product\/yoast-seo-premium-wordpress\/ -->\n<title>A csend embere: Szent J\u00f3zsef - Szent J\u00f3zsef<\/title>\n<meta name=\"description\" content=\"&quot;J\u00f3zsef megtette, amit az \u00dar angyala parancsolt neki.&quot; - Isten akarat\u00e1nak elfogad\u00e1s\u00e1val \u00e9s az annak val\u00f3 engedelmess\u00e9ggel \u00e9n is elindultam a hit \u00fatj\u00e1n.\" \/>\n<meta name=\"robots\" content=\"index, follow, max-snippet:-1, max-image-preview:large, max-video-preview:-1\" \/>\n<link rel=\"canonical\" href=\"https:\/\/szentjozsef.org\/hu\/2023\/nem-kategorizalt\/a-csend-embere-szent-jozsef\/\" \/>\n<meta property=\"og:locale\" content=\"hu_HU\" \/>\n<meta property=\"og:type\" content=\"article\" \/>\n<meta property=\"og:title\" content=\"A csend embere: Szent J\u00f3zsef\" \/>\n<meta property=\"og:description\" content=\"&quot;J\u00f3zsef megtette, amit az \u00dar angyala parancsolt neki.&quot; - Isten akarat\u00e1nak elfogad\u00e1s\u00e1val \u00e9s az annak val\u00f3 engedelmess\u00e9ggel \u00e9n is elindultam a hit \u00fatj\u00e1n.\" \/>\n<meta property=\"og:url\" content=\"https:\/\/szentjozsef.org\/hu\/2023\/nem-kategorizalt\/a-csend-embere-szent-jozsef\/\" \/>\n<meta property=\"og:site_name\" content=\"Szent J\u00f3zsef\" \/>\n<meta property=\"article:published_time\" content=\"2023-03-20T00:10:00+00:00\" \/>\n<meta property=\"article:modified_time\" content=\"2023-08-24T16:55:27+00:00\" \/>\n<meta property=\"og:image\" content=\"https:\/\/szentjozsef.org\/wp-content\/uploads\/2023\/03\/SanJose-Silencio.jpg\" \/>\n\t<meta property=\"og:image:width\" content=\"877\" \/>\n\t<meta property=\"og:image:height\" content=\"548\" \/>\n\t<meta property=\"og:image:type\" content=\"image\/jpeg\" \/>\n<meta name=\"author\" content=\"admin.szj\" \/>\n<meta name=\"twitter:card\" content=\"summary_large_image\" \/>\n<meta name=\"twitter:creator\" content=\"@SzentJozsef\" \/>\n<meta name=\"twitter:site\" content=\"@SzentJozsef\" \/>\n<meta name=\"twitter:label1\" content=\"Szerz\u0151:\" \/>\n\t<meta name=\"twitter:data1\" content=\"admin.szj\" \/>\n\t<meta name=\"twitter:label2\" content=\"Becs\u00fclt olvas\u00e1si id\u0151\" \/>\n\t<meta name=\"twitter:data2\" content=\"4 perc\" \/>\n<script type=\"application\/ld+json\" class=\"yoast-schema-graph\">{\"@context\":\"https:\\\/\\\/schema.org\",\"@graph\":[{\"@type\":\"Article\",\"@id\":\"https:\\\/\\\/szentjozsef.org\\\/hu\\\/2023\\\/nem-kategorizalt\\\/a-csend-embere-szent-jozsef\\\/#article\",\"isPartOf\":{\"@id\":\"https:\\\/\\\/szentjozsef.org\\\/hu\\\/2023\\\/nem-kategorizalt\\\/a-csend-embere-szent-jozsef\\\/\"},\"author\":{\"name\":\"admin.szj\",\"@id\":\"https:\\\/\\\/szentjozsef.org\\\/hu\\\/#\\\/schema\\\/person\\\/c5103e9e15676796dc69c52ebbdc879a\"},\"headline\":\"A csend embere: Szent J\u00f3zsef\",\"datePublished\":\"2023-03-20T00:10:00+00:00\",\"dateModified\":\"2023-08-24T16:55:27+00:00\",\"mainEntityOfPage\":{\"@id\":\"https:\\\/\\\/szentjozsef.org\\\/hu\\\/2023\\\/nem-kategorizalt\\\/a-csend-embere-szent-jozsef\\\/\"},\"wordCount\":839,\"commentCount\":0,\"publisher\":{\"@id\":\"https:\\\/\\\/szentjozsef.org\\\/hu\\\/#organization\"},\"image\":{\"@id\":\"https:\\\/\\\/szentjozsef.org\\\/hu\\\/2023\\\/nem-kategorizalt\\\/a-csend-embere-szent-jozsef\\\/#primaryimage\"},\"thumbnailUrl\":\"https:\\\/\\\/i0.wp.com\\\/szentjozsef.org\\\/wp-content\\\/uploads\\\/2023\\\/03\\\/SanJose-Silencio.jpg?fit=877%2C548&ssl=1\",\"keywords\":[\"Szent J\u00f3zsef\"],\"articleSection\":[\"Nem kategoriz\u00e1lt\"],\"inLanguage\":\"hu\",\"potentialAction\":[{\"@type\":\"CommentAction\",\"name\":\"Comment\",\"target\":[\"https:\\\/\\\/szentjozsef.org\\\/hu\\\/2023\\\/nem-kategorizalt\\\/a-csend-embere-szent-jozsef\\\/#respond\"]}]},{\"@type\":\"WebPage\",\"@id\":\"https:\\\/\\\/szentjozsef.org\\\/hu\\\/2023\\\/nem-kategorizalt\\\/a-csend-embere-szent-jozsef\\\/\",\"url\":\"https:\\\/\\\/szentjozsef.org\\\/hu\\\/2023\\\/nem-kategorizalt\\\/a-csend-embere-szent-jozsef\\\/\",\"name\":\"A csend embere: Szent J\u00f3zsef - Szent J\u00f3zsef\",\"isPartOf\":{\"@id\":\"https:\\\/\\\/szentjozsef.org\\\/hu\\\/#website\"},\"primaryImageOfPage\":{\"@id\":\"https:\\\/\\\/szentjozsef.org\\\/hu\\\/2023\\\/nem-kategorizalt\\\/a-csend-embere-szent-jozsef\\\/#primaryimage\"},\"image\":{\"@id\":\"https:\\\/\\\/szentjozsef.org\\\/hu\\\/2023\\\/nem-kategorizalt\\\/a-csend-embere-szent-jozsef\\\/#primaryimage\"},\"thumbnailUrl\":\"https:\\\/\\\/i0.wp.com\\\/szentjozsef.org\\\/wp-content\\\/uploads\\\/2023\\\/03\\\/SanJose-Silencio.jpg?fit=877%2C548&ssl=1\",\"datePublished\":\"2023-03-20T00:10:00+00:00\",\"dateModified\":\"2023-08-24T16:55:27+00:00\",\"description\":\"\\\"J\u00f3zsef megtette, amit az \u00dar angyala parancsolt neki.\\\" - Isten akarat\u00e1nak elfogad\u00e1s\u00e1val \u00e9s az annak val\u00f3 engedelmess\u00e9ggel \u00e9n is elindultam a hit \u00fatj\u00e1n.\",\"breadcrumb\":{\"@id\":\"https:\\\/\\\/szentjozsef.org\\\/hu\\\/2023\\\/nem-kategorizalt\\\/a-csend-embere-szent-jozsef\\\/#breadcrumb\"},\"inLanguage\":\"hu\",\"potentialAction\":[{\"@type\":\"ReadAction\",\"target\":[\"https:\\\/\\\/szentjozsef.org\\\/hu\\\/2023\\\/nem-kategorizalt\\\/a-csend-embere-szent-jozsef\\\/\"]}]},{\"@type\":\"ImageObject\",\"inLanguage\":\"hu\",\"@id\":\"https:\\\/\\\/szentjozsef.org\\\/hu\\\/2023\\\/nem-kategorizalt\\\/a-csend-embere-szent-jozsef\\\/#primaryimage\",\"url\":\"https:\\\/\\\/i0.wp.com\\\/szentjozsef.org\\\/wp-content\\\/uploads\\\/2023\\\/03\\\/SanJose-Silencio.jpg?fit=877%2C548&ssl=1\",\"contentUrl\":\"https:\\\/\\\/i0.wp.com\\\/szentjozsef.org\\\/wp-content\\\/uploads\\\/2023\\\/03\\\/SanJose-Silencio.jpg?fit=877%2C548&ssl=1\",\"width\":877,\"height\":548,\"caption\":\"El hombre del silencio: San Jos\u00e9\"},{\"@type\":\"BreadcrumbList\",\"@id\":\"https:\\\/\\\/szentjozsef.org\\\/hu\\\/2023\\\/nem-kategorizalt\\\/a-csend-embere-szent-jozsef\\\/#breadcrumb\",\"itemListElement\":[{\"@type\":\"ListItem\",\"position\":1,\"name\":\"F\u0151oldal\",\"item\":\"https:\\\/\\\/szentjozsef.org\\\/hu\\\/\"},{\"@type\":\"ListItem\",\"position\":2,\"name\":\"A csend embere: Szent J\u00f3zsef\"}]},{\"@type\":\"WebSite\",\"@id\":\"https:\\\/\\\/szentjozsef.org\\\/hu\\\/#website\",\"url\":\"https:\\\/\\\/szentjozsef.org\\\/hu\\\/\",\"name\":\"Szent J\u00f3zsef\",\"description\":\"\u201cSAN JOSE HUNGAROS CATOLICOS DE ARGENTINA ASOCIACION CIVIL\u201d  \u2013 Szent J\u00f3zsef, argent\u00ednai katolikus magyar civil egyes\u00fclet \u2013\",\"publisher\":{\"@id\":\"https:\\\/\\\/szentjozsef.org\\\/hu\\\/#organization\"},\"potentialAction\":[{\"@type\":\"SearchAction\",\"target\":{\"@type\":\"EntryPoint\",\"urlTemplate\":\"https:\\\/\\\/szentjozsef.org\\\/hu\\\/?s={search_term_string}\"},\"query-input\":{\"@type\":\"PropertyValueSpecification\",\"valueRequired\":true,\"valueName\":\"search_term_string\"}}],\"inLanguage\":\"hu\"},{\"@type\":\"Organization\",\"@id\":\"https:\\\/\\\/szentjozsef.org\\\/hu\\\/#organization\",\"name\":\"Szent J\u00f3zsef \\\/ San Jos\u00e9\",\"url\":\"https:\\\/\\\/szentjozsef.org\\\/hu\\\/\",\"logo\":{\"@type\":\"ImageObject\",\"inLanguage\":\"hu\",\"@id\":\"https:\\\/\\\/szentjozsef.org\\\/hu\\\/#\\\/schema\\\/logo\\\/image\\\/\",\"url\":\"https:\\\/\\\/i0.wp.com\\\/szentjozsef.org\\\/wp-content\\\/uploads\\\/2022\\\/01\\\/10-1.png?fit=500%2C500&ssl=1\",\"contentUrl\":\"https:\\\/\\\/i0.wp.com\\\/szentjozsef.org\\\/wp-content\\\/uploads\\\/2022\\\/01\\\/10-1.png?fit=500%2C500&ssl=1\",\"width\":500,\"height\":500,\"caption\":\"Szent J\u00f3zsef \\\/ San Jos\u00e9\"},\"image\":{\"@id\":\"https:\\\/\\\/szentjozsef.org\\\/hu\\\/#\\\/schema\\\/logo\\\/image\\\/\"},\"sameAs\":[\"https:\\\/\\\/x.com\\\/SzentJozsef\",\"https:\\\/\\\/www.youtube.com\\\/channel\\\/UCes8RN4qyFrTp80YfCedw7g\"]},{\"@type\":\"Person\",\"@id\":\"https:\\\/\\\/szentjozsef.org\\\/hu\\\/#\\\/schema\\\/person\\\/c5103e9e15676796dc69c52ebbdc879a\",\"name\":\"admin.szj\",\"image\":{\"@type\":\"ImageObject\",\"inLanguage\":\"hu\",\"@id\":\"https:\\\/\\\/secure.gravatar.com\\\/avatar\\\/d1a8e06dabc46c0d35d1121ebb4f989346734903df2cacfc3b1f7e1efa61776d?s=96&d=mm&r=g\",\"url\":\"https:\\\/\\\/secure.gravatar.com\\\/avatar\\\/d1a8e06dabc46c0d35d1121ebb4f989346734903df2cacfc3b1f7e1efa61776d?s=96&d=mm&r=g\",\"contentUrl\":\"https:\\\/\\\/secure.gravatar.com\\\/avatar\\\/d1a8e06dabc46c0d35d1121ebb4f989346734903df2cacfc3b1f7e1efa61776d?s=96&d=mm&r=g\",\"caption\":\"admin.szj\"},\"sameAs\":[\"https:\\\/\\\/szentjozsef.org\"],\"url\":\"https:\\\/\\\/szentjozsef.org\\\/hu\\\/author\\\/admin-szj\\\/\"}]}<\/script>\n<!-- \/ Yoast SEO Premium plugin. -->","yoast_head_json":{"title":"A csend embere: Szent J\u00f3zsef - Szent J\u00f3zsef","description":"\"J\u00f3zsef megtette, amit az \u00dar angyala parancsolt neki.\" - Isten akarat\u00e1nak elfogad\u00e1s\u00e1val \u00e9s az annak val\u00f3 engedelmess\u00e9ggel \u00e9n is elindultam a hit \u00fatj\u00e1n.","robots":{"index":"index","follow":"follow","max-snippet":"max-snippet:-1","max-image-preview":"max-image-preview:large","max-video-preview":"max-video-preview:-1"},"canonical":"https:\/\/szentjozsef.org\/hu\/2023\/nem-kategorizalt\/a-csend-embere-szent-jozsef\/","og_locale":"hu_HU","og_type":"article","og_title":"A csend embere: Szent J\u00f3zsef","og_description":"\"J\u00f3zsef megtette, amit az \u00dar angyala parancsolt neki.\" - Isten akarat\u00e1nak elfogad\u00e1s\u00e1val \u00e9s az annak val\u00f3 engedelmess\u00e9ggel \u00e9n is elindultam a hit \u00fatj\u00e1n.","og_url":"https:\/\/szentjozsef.org\/hu\/2023\/nem-kategorizalt\/a-csend-embere-szent-jozsef\/","og_site_name":"Szent J\u00f3zsef","article_published_time":"2023-03-20T00:10:00+00:00","article_modified_time":"2023-08-24T16:55:27+00:00","og_image":[{"width":877,"height":548,"url":"https:\/\/szentjozsef.org\/wp-content\/uploads\/2023\/03\/SanJose-Silencio.jpg","type":"image\/jpeg"}],"author":"admin.szj","twitter_card":"summary_large_image","twitter_creator":"@SzentJozsef","twitter_site":"@SzentJozsef","twitter_misc":{"Szerz\u0151:":"admin.szj","Becs\u00fclt olvas\u00e1si id\u0151":"4 perc"},"schema":{"@context":"https:\/\/schema.org","@graph":[{"@type":"Article","@id":"https:\/\/szentjozsef.org\/hu\/2023\/nem-kategorizalt\/a-csend-embere-szent-jozsef\/#article","isPartOf":{"@id":"https:\/\/szentjozsef.org\/hu\/2023\/nem-kategorizalt\/a-csend-embere-szent-jozsef\/"},"author":{"name":"admin.szj","@id":"https:\/\/szentjozsef.org\/hu\/#\/schema\/person\/c5103e9e15676796dc69c52ebbdc879a"},"headline":"A csend embere: Szent J\u00f3zsef","datePublished":"2023-03-20T00:10:00+00:00","dateModified":"2023-08-24T16:55:27+00:00","mainEntityOfPage":{"@id":"https:\/\/szentjozsef.org\/hu\/2023\/nem-kategorizalt\/a-csend-embere-szent-jozsef\/"},"wordCount":839,"commentCount":0,"publisher":{"@id":"https:\/\/szentjozsef.org\/hu\/#organization"},"image":{"@id":"https:\/\/szentjozsef.org\/hu\/2023\/nem-kategorizalt\/a-csend-embere-szent-jozsef\/#primaryimage"},"thumbnailUrl":"https:\/\/i0.wp.com\/szentjozsef.org\/wp-content\/uploads\/2023\/03\/SanJose-Silencio.jpg?fit=877%2C548&ssl=1","keywords":["Szent J\u00f3zsef"],"articleSection":["Nem kategoriz\u00e1lt"],"inLanguage":"hu","potentialAction":[{"@type":"CommentAction","name":"Comment","target":["https:\/\/szentjozsef.org\/hu\/2023\/nem-kategorizalt\/a-csend-embere-szent-jozsef\/#respond"]}]},{"@type":"WebPage","@id":"https:\/\/szentjozsef.org\/hu\/2023\/nem-kategorizalt\/a-csend-embere-szent-jozsef\/","url":"https:\/\/szentjozsef.org\/hu\/2023\/nem-kategorizalt\/a-csend-embere-szent-jozsef\/","name":"A csend embere: Szent J\u00f3zsef - Szent J\u00f3zsef","isPartOf":{"@id":"https:\/\/szentjozsef.org\/hu\/#website"},"primaryImageOfPage":{"@id":"https:\/\/szentjozsef.org\/hu\/2023\/nem-kategorizalt\/a-csend-embere-szent-jozsef\/#primaryimage"},"image":{"@id":"https:\/\/szentjozsef.org\/hu\/2023\/nem-kategorizalt\/a-csend-embere-szent-jozsef\/#primaryimage"},"thumbnailUrl":"https:\/\/i0.wp.com\/szentjozsef.org\/wp-content\/uploads\/2023\/03\/SanJose-Silencio.jpg?fit=877%2C548&ssl=1","datePublished":"2023-03-20T00:10:00+00:00","dateModified":"2023-08-24T16:55:27+00:00","description":"\"J\u00f3zsef megtette, amit az \u00dar angyala parancsolt neki.\" - Isten akarat\u00e1nak elfogad\u00e1s\u00e1val \u00e9s az annak val\u00f3 engedelmess\u00e9ggel \u00e9n is elindultam a hit \u00fatj\u00e1n.","breadcrumb":{"@id":"https:\/\/szentjozsef.org\/hu\/2023\/nem-kategorizalt\/a-csend-embere-szent-jozsef\/#breadcrumb"},"inLanguage":"hu","potentialAction":[{"@type":"ReadAction","target":["https:\/\/szentjozsef.org\/hu\/2023\/nem-kategorizalt\/a-csend-embere-szent-jozsef\/"]}]},{"@type":"ImageObject","inLanguage":"hu","@id":"https:\/\/szentjozsef.org\/hu\/2023\/nem-kategorizalt\/a-csend-embere-szent-jozsef\/#primaryimage","url":"https:\/\/i0.wp.com\/szentjozsef.org\/wp-content\/uploads\/2023\/03\/SanJose-Silencio.jpg?fit=877%2C548&ssl=1","contentUrl":"https:\/\/i0.wp.com\/szentjozsef.org\/wp-content\/uploads\/2023\/03\/SanJose-Silencio.jpg?fit=877%2C548&ssl=1","width":877,"height":548,"caption":"El hombre del silencio: San Jos\u00e9"},{"@type":"BreadcrumbList","@id":"https:\/\/szentjozsef.org\/hu\/2023\/nem-kategorizalt\/a-csend-embere-szent-jozsef\/#breadcrumb","itemListElement":[{"@type":"ListItem","position":1,"name":"F\u0151oldal","item":"https:\/\/szentjozsef.org\/hu\/"},{"@type":"ListItem","position":2,"name":"A csend embere: Szent J\u00f3zsef"}]},{"@type":"WebSite","@id":"https:\/\/szentjozsef.org\/hu\/#website","url":"https:\/\/szentjozsef.org\/hu\/","name":"Szent J\u00f3zsef","description":"\u201cSAN JOSE HUNGAROS CATOLICOS DE ARGENTINA ASOCIACION CIVIL\u201d  \u2013 Szent J\u00f3zsef, argent\u00ednai katolikus magyar civil egyes\u00fclet \u2013","publisher":{"@id":"https:\/\/szentjozsef.org\/hu\/#organization"},"potentialAction":[{"@type":"SearchAction","target":{"@type":"EntryPoint","urlTemplate":"https:\/\/szentjozsef.org\/hu\/?s={search_term_string}"},"query-input":{"@type":"PropertyValueSpecification","valueRequired":true,"valueName":"search_term_string"}}],"inLanguage":"hu"},{"@type":"Organization","@id":"https:\/\/szentjozsef.org\/hu\/#organization","name":"Szent J\u00f3zsef \/ San Jos\u00e9","url":"https:\/\/szentjozsef.org\/hu\/","logo":{"@type":"ImageObject","inLanguage":"hu","@id":"https:\/\/szentjozsef.org\/hu\/#\/schema\/logo\/image\/","url":"https:\/\/i0.wp.com\/szentjozsef.org\/wp-content\/uploads\/2022\/01\/10-1.png?fit=500%2C500&ssl=1","contentUrl":"https:\/\/i0.wp.com\/szentjozsef.org\/wp-content\/uploads\/2022\/01\/10-1.png?fit=500%2C500&ssl=1","width":500,"height":500,"caption":"Szent J\u00f3zsef \/ San Jos\u00e9"},"image":{"@id":"https:\/\/szentjozsef.org\/hu\/#\/schema\/logo\/image\/"},"sameAs":["https:\/\/x.com\/SzentJozsef","https:\/\/www.youtube.com\/channel\/UCes8RN4qyFrTp80YfCedw7g"]},{"@type":"Person","@id":"https:\/\/szentjozsef.org\/hu\/#\/schema\/person\/c5103e9e15676796dc69c52ebbdc879a","name":"admin.szj","image":{"@type":"ImageObject","inLanguage":"hu","@id":"https:\/\/secure.gravatar.com\/avatar\/d1a8e06dabc46c0d35d1121ebb4f989346734903df2cacfc3b1f7e1efa61776d?s=96&d=mm&r=g","url":"https:\/\/secure.gravatar.com\/avatar\/d1a8e06dabc46c0d35d1121ebb4f989346734903df2cacfc3b1f7e1efa61776d?s=96&d=mm&r=g","contentUrl":"https:\/\/secure.gravatar.com\/avatar\/d1a8e06dabc46c0d35d1121ebb4f989346734903df2cacfc3b1f7e1efa61776d?s=96&d=mm&r=g","caption":"admin.szj"},"sameAs":["https:\/\/szentjozsef.org"],"url":"https:\/\/szentjozsef.org\/hu\/author\/admin-szj\/"}]}},"jetpack_featured_media_url":"https:\/\/i0.wp.com\/szentjozsef.org\/wp-content\/uploads\/2023\/03\/SanJose-Silencio.jpg?fit=877%2C548&ssl=1","jetpack_sharing_enabled":true,"_links":{"self":[{"href":"https:\/\/szentjozsef.org\/hu\/wp-json\/wp\/v2\/posts\/364","targetHints":{"allow":["GET"]}}],"collection":[{"href":"https:\/\/szentjozsef.org\/hu\/wp-json\/wp\/v2\/posts"}],"about":[{"href":"https:\/\/szentjozsef.org\/hu\/wp-json\/wp\/v2\/types\/post"}],"author":[{"embeddable":true,"href":"https:\/\/szentjozsef.org\/hu\/wp-json\/wp\/v2\/users\/1"}],"replies":[{"embeddable":true,"href":"https:\/\/szentjozsef.org\/hu\/wp-json\/wp\/v2\/comments?post=364"}],"version-history":[{"count":2,"href":"https:\/\/szentjozsef.org\/hu\/wp-json\/wp\/v2\/posts\/364\/revisions"}],"predecessor-version":[{"id":372,"href":"https:\/\/szentjozsef.org\/hu\/wp-json\/wp\/v2\/posts\/364\/revisions\/372"}],"wp:featuredmedia":[{"embeddable":true,"href":"https:\/\/szentjozsef.org\/hu\/wp-json\/wp\/v2\/media\/389"}],"wp:attachment":[{"href":"https:\/\/szentjozsef.org\/hu\/wp-json\/wp\/v2\/media?parent=364"}],"wp:term":[{"taxonomy":"category","embeddable":true,"href":"https:\/\/szentjozsef.org\/hu\/wp-json\/wp\/v2\/categories?post=364"},{"taxonomy":"post_tag","embeddable":true,"href":"https:\/\/szentjozsef.org\/hu\/wp-json\/wp\/v2\/tags?post=364"}],"curies":[{"name":"wp","href":"https:\/\/api.w.org\/{rel}","templated":true}]}}