{"id":370,"date":"2021-11-28T09:00:00","date_gmt":"2021-11-28T09:00:00","guid":{"rendered":"https:\/\/szentjozsef.org\/2021\/11\/28\/erdo-peter-biboros-adventi-uzenete\/"},"modified":"2023-08-21T19:54:13","modified_gmt":"2023-08-21T19:54:13","slug":"erdo-peter-biboros-adventi-uzenete","status":"publish","type":"post","link":"https:\/\/szentjozsef.org\/hu\/2021\/nem-kategorizalt\/erdo-peter-biboros-adventi-uzenete\/","title":{"rendered":"Erd\u0151 P\u00e9ter B\u00edboros Adventi \u00dczenete"},"content":{"rendered":"\n<p>M\u00edg az al\u00e1bbiakban bemutatott vide\u00f3 2020 december\u00e9b\u0151l sz\u00e1rmazik. Az \u00fczenet nem vesz\u00edtette el \u00e9rv\u00e9nyess\u00e9g\u00e9t, \u00e9s az esztergom-budapesti \u00e9rsek ebben mindannyiunkat tal\u00e1lkoz\u00e1sra, bens\u0151s\u00e9ges tal\u00e1lkoz\u00e1sra h\u00edv Krisztussal.  Legyen \u0150 \u00e9let\u00fcnk sug\u00e1rz\u00f3 t\u00e1rsa, legyen \u0150 az, aki optimizmust \u00e9s \u00f6r\u00f6met hoz az \u00e9let\u00fcnkbe!<\/p>\n\n<figure class=\"wp-block-embed is-type-video is-provider-youtube wp-block-embed-youtube wp-embed-aspect-16-9 wp-has-aspect-ratio\"><div class=\"wp-block-embed__wrapper\">\n<iframe loading=\"lazy\" title=\"Mensaje de Adviento del Cardenal P\u00e9ter Erd\u0151\" width=\"660\" height=\"371\" src=\"https:\/\/www.youtube.com\/embed\/BiTRFeTrSds?feature=oembed\" frameborder=\"0\" allow=\"accelerometer; autoplay; clipboard-write; encrypted-media; gyroscope; picture-in-picture; web-share\" referrerpolicy=\"strict-origin-when-cross-origin\" allowfullscreen><\/iframe>\n<\/div><\/figure>\n\n<p>Erd\u0151 P\u00e9ter b\u00edboros adventi \u00fczenet\u00e9nek felv\u00e9tele audiovizu\u00e1lis k\u00f6zlem\u00e9nysorozat r\u00e9szek\u00e9nt k\u00e9sz\u00fclt a 2021. szeptember 5. \u00e9s 12. k\u00f6z\u00f6tt Budapesten megrendezett <a href=\"https:\/\/www.iec2020.hu\/es\" target=\"_blank\" rel=\"noreferrer noopener\">52\u00ba Nemzetk\u00f6zi Eucharisztikus Kongresszus<\/a> el\u0151k\u00e9sz\u00edt\u0151 rendezv\u00e9ny\u00e9n.<\/p>\n\n<p>Ebben az \u00fczenetben Magyarorsz\u00e1g b\u00edborospr\u00edm\u00e1sa arra h\u00edv minket, hogy &#8222;\u00e9p\u00edts\u00fck az \u00e9let h\u00eddjait&#8221;, &#8222;\u00e9p\u00edts\u00fck a szeretet h\u00eddjait&#8221;, &#8222;\u00e9p\u00edts\u00fck a b\u00f6lcsess\u00e9g h\u00eddjait&#8221;. Hangs\u00falyozva, hogy &#8222;Mindennek akkor van igaz\u00e1n \u00e9rtelme, ha a m\u00faltunknak van \u00e9rtelme, amikor a j\u00f6v\u0151nknek van \u00e9rtelme, amikor minden ember \u00e9let\u00e9nek \u00e9s minden k\u00f6z\u00f6ss\u00e9g \u00e9let\u00e9nek \u00e9rtelme van. Isten soha nem hagyja mag\u00e1ra az emberis\u00e9get. Itt van vel\u00fcnk a t\u00f6rt\u00e9nelem sor\u00e1n, \u00e9s v\u00e1r r\u00e1nk egy boldog, \u00f6r\u00f6k tal\u00e1lkoz\u00e1sra.&#8221;<\/p>\n\n<p><\/p>\n","protected":false},"excerpt":{"rendered":"<p>Erd\u0151 P\u00e9ter b\u00edboros adventi \u00fczenete, amelyben mindannyiunkat tal\u00e1lkoz\u00e1sra, bens\u0151s\u00e9ges tal\u00e1lkoz\u00e1sra h\u00edv Krisztussal.<br \/>\nDecember 2020<\/p>\n","protected":false},"author":1,"featured_media":349,"comment_status":"open","ping_status":"open","sticky":false,"template":"","format":"standard","meta":{"_jetpack_memberships_contains_paid_content":false,"footnotes":""},"categories":[1],"tags":[],"class_list":["post-370","post","type-post","status-publish","format-standard","has-post-thumbnail","hentry","category-nem-kategorizalt"],"yoast_head":"<!-- This site is optimized with the Yoast SEO Premium plugin v21.3 (Yoast SEO v27.4) - https:\/\/yoast.com\/product\/yoast-seo-premium-wordpress\/ -->\n<title>Erd\u0151 P\u00e9ter B\u00edboros Adventi \u00dczenete - Szent J\u00f3zsef<\/title>\n<meta name=\"description\" content=\"Erd\u0151 P\u00e9ter b\u00edboros adventi \u00fczenete, amelyben mindannyiunkat tal\u00e1lkoz\u00e1sra, bens\u0151s\u00e9ges tal\u00e1lkoz\u00e1sra h\u00edv Krisztussal.\" \/>\n<meta name=\"robots\" content=\"index, follow, max-snippet:-1, max-image-preview:large, max-video-preview:-1\" \/>\n<link rel=\"canonical\" href=\"https:\/\/szentjozsef.org\/hu\/2021\/nem-kategorizalt\/erdo-peter-biboros-adventi-uzenete\/\" \/>\n<meta property=\"og:locale\" content=\"hu_HU\" \/>\n<meta property=\"og:type\" content=\"article\" \/>\n<meta property=\"og:title\" content=\"Erd\u0151 P\u00e9ter B\u00edboros Adventi \u00dczenete\" \/>\n<meta property=\"og:description\" content=\"Erd\u0151 P\u00e9ter b\u00edboros adventi \u00fczenete, amelyben mindannyiunkat tal\u00e1lkoz\u00e1sra, bens\u0151s\u00e9ges tal\u00e1lkoz\u00e1sra h\u00edv Krisztussal.\" \/>\n<meta property=\"og:url\" content=\"https:\/\/szentjozsef.org\/hu\/2021\/nem-kategorizalt\/erdo-peter-biboros-adventi-uzenete\/\" \/>\n<meta property=\"og:site_name\" content=\"Szent J\u00f3zsef\" \/>\n<meta property=\"article:published_time\" content=\"2021-11-28T09:00:00+00:00\" \/>\n<meta property=\"article:modified_time\" content=\"2023-08-21T19:54:13+00:00\" \/>\n<meta property=\"og:image\" content=\"https:\/\/szentjozsef.org\/wp-content\/uploads\/2022\/02\/CardenalPeterErdo202012.png\" \/>\n\t<meta property=\"og:image:width\" content=\"1264\" \/>\n\t<meta property=\"og:image:height\" content=\"577\" \/>\n\t<meta property=\"og:image:type\" content=\"image\/png\" \/>\n<meta name=\"author\" content=\"admin.szj\" \/>\n<meta name=\"twitter:card\" content=\"summary_large_image\" \/>\n<meta name=\"twitter:creator\" content=\"@SzentJozsef\" \/>\n<meta name=\"twitter:site\" content=\"@SzentJozsef\" \/>\n<meta name=\"twitter:label1\" content=\"Szerz\u0151:\" \/>\n\t<meta name=\"twitter:data1\" content=\"admin.szj\" \/>\n\t<meta name=\"twitter:label2\" content=\"Becs\u00fclt olvas\u00e1si id\u0151\" \/>\n\t<meta name=\"twitter:data2\" content=\"1 perc\" \/>\n<script type=\"application\/ld+json\" class=\"yoast-schema-graph\">{\"@context\":\"https:\\\/\\\/schema.org\",\"@graph\":[{\"@type\":\"Article\",\"@id\":\"https:\\\/\\\/szentjozsef.org\\\/hu\\\/2021\\\/nem-kategorizalt\\\/erdo-peter-biboros-adventi-uzenete\\\/#article\",\"isPartOf\":{\"@id\":\"https:\\\/\\\/szentjozsef.org\\\/hu\\\/2021\\\/nem-kategorizalt\\\/erdo-peter-biboros-adventi-uzenete\\\/\"},\"author\":{\"name\":\"admin.szj\",\"@id\":\"https:\\\/\\\/szentjozsef.org\\\/hu\\\/#\\\/schema\\\/person\\\/c5103e9e15676796dc69c52ebbdc879a\"},\"headline\":\"Erd\u0151 P\u00e9ter B\u00edboros Adventi \u00dczenete\",\"datePublished\":\"2021-11-28T09:00:00+00:00\",\"dateModified\":\"2023-08-21T19:54:13+00:00\",\"mainEntityOfPage\":{\"@id\":\"https:\\\/\\\/szentjozsef.org\\\/hu\\\/2021\\\/nem-kategorizalt\\\/erdo-peter-biboros-adventi-uzenete\\\/\"},\"wordCount\":214,\"commentCount\":0,\"publisher\":{\"@id\":\"https:\\\/\\\/szentjozsef.org\\\/hu\\\/#organization\"},\"image\":{\"@id\":\"https:\\\/\\\/szentjozsef.org\\\/hu\\\/2021\\\/nem-kategorizalt\\\/erdo-peter-biboros-adventi-uzenete\\\/#primaryimage\"},\"thumbnailUrl\":\"https:\\\/\\\/i0.wp.com\\\/szentjozsef.org\\\/wp-content\\\/uploads\\\/2022\\\/02\\\/CardenalPeterErdo202012.png?fit=1264%2C577&ssl=1\",\"articleSection\":[\"Nem kategoriz\u00e1lt\"],\"inLanguage\":\"hu\",\"potentialAction\":[{\"@type\":\"CommentAction\",\"name\":\"Comment\",\"target\":[\"https:\\\/\\\/szentjozsef.org\\\/hu\\\/2021\\\/nem-kategorizalt\\\/erdo-peter-biboros-adventi-uzenete\\\/#respond\"]}]},{\"@type\":\"WebPage\",\"@id\":\"https:\\\/\\\/szentjozsef.org\\\/hu\\\/2021\\\/nem-kategorizalt\\\/erdo-peter-biboros-adventi-uzenete\\\/\",\"url\":\"https:\\\/\\\/szentjozsef.org\\\/hu\\\/2021\\\/nem-kategorizalt\\\/erdo-peter-biboros-adventi-uzenete\\\/\",\"name\":\"Erd\u0151 P\u00e9ter B\u00edboros Adventi \u00dczenete - Szent J\u00f3zsef\",\"isPartOf\":{\"@id\":\"https:\\\/\\\/szentjozsef.org\\\/hu\\\/#website\"},\"primaryImageOfPage\":{\"@id\":\"https:\\\/\\\/szentjozsef.org\\\/hu\\\/2021\\\/nem-kategorizalt\\\/erdo-peter-biboros-adventi-uzenete\\\/#primaryimage\"},\"image\":{\"@id\":\"https:\\\/\\\/szentjozsef.org\\\/hu\\\/2021\\\/nem-kategorizalt\\\/erdo-peter-biboros-adventi-uzenete\\\/#primaryimage\"},\"thumbnailUrl\":\"https:\\\/\\\/i0.wp.com\\\/szentjozsef.org\\\/wp-content\\\/uploads\\\/2022\\\/02\\\/CardenalPeterErdo202012.png?fit=1264%2C577&ssl=1\",\"datePublished\":\"2021-11-28T09:00:00+00:00\",\"dateModified\":\"2023-08-21T19:54:13+00:00\",\"description\":\"Erd\u0151 P\u00e9ter b\u00edboros adventi \u00fczenete, amelyben mindannyiunkat tal\u00e1lkoz\u00e1sra, bens\u0151s\u00e9ges tal\u00e1lkoz\u00e1sra h\u00edv Krisztussal.\",\"breadcrumb\":{\"@id\":\"https:\\\/\\\/szentjozsef.org\\\/hu\\\/2021\\\/nem-kategorizalt\\\/erdo-peter-biboros-adventi-uzenete\\\/#breadcrumb\"},\"inLanguage\":\"hu\",\"potentialAction\":[{\"@type\":\"ReadAction\",\"target\":[\"https:\\\/\\\/szentjozsef.org\\\/hu\\\/2021\\\/nem-kategorizalt\\\/erdo-peter-biboros-adventi-uzenete\\\/\"]}]},{\"@type\":\"ImageObject\",\"inLanguage\":\"hu\",\"@id\":\"https:\\\/\\\/szentjozsef.org\\\/hu\\\/2021\\\/nem-kategorizalt\\\/erdo-peter-biboros-adventi-uzenete\\\/#primaryimage\",\"url\":\"https:\\\/\\\/i0.wp.com\\\/szentjozsef.org\\\/wp-content\\\/uploads\\\/2022\\\/02\\\/CardenalPeterErdo202012.png?fit=1264%2C577&ssl=1\",\"contentUrl\":\"https:\\\/\\\/i0.wp.com\\\/szentjozsef.org\\\/wp-content\\\/uploads\\\/2022\\\/02\\\/CardenalPeterErdo202012.png?fit=1264%2C577&ssl=1\",\"width\":1264,\"height\":577},{\"@type\":\"BreadcrumbList\",\"@id\":\"https:\\\/\\\/szentjozsef.org\\\/hu\\\/2021\\\/nem-kategorizalt\\\/erdo-peter-biboros-adventi-uzenete\\\/#breadcrumb\",\"itemListElement\":[{\"@type\":\"ListItem\",\"position\":1,\"name\":\"F\u0151oldal\",\"item\":\"https:\\\/\\\/szentjozsef.org\\\/hu\\\/\"},{\"@type\":\"ListItem\",\"position\":2,\"name\":\"Erd\u0151 P\u00e9ter B\u00edboros Adventi \u00dczenete\"}]},{\"@type\":\"WebSite\",\"@id\":\"https:\\\/\\\/szentjozsef.org\\\/hu\\\/#website\",\"url\":\"https:\\\/\\\/szentjozsef.org\\\/hu\\\/\",\"name\":\"Szent J\u00f3zsef\",\"description\":\"\u201cSAN JOSE HUNGAROS CATOLICOS DE ARGENTINA ASOCIACION CIVIL\u201d  \u2013 Szent J\u00f3zsef, argent\u00ednai katolikus magyar civil egyes\u00fclet \u2013\",\"publisher\":{\"@id\":\"https:\\\/\\\/szentjozsef.org\\\/hu\\\/#organization\"},\"potentialAction\":[{\"@type\":\"SearchAction\",\"target\":{\"@type\":\"EntryPoint\",\"urlTemplate\":\"https:\\\/\\\/szentjozsef.org\\\/hu\\\/?s={search_term_string}\"},\"query-input\":{\"@type\":\"PropertyValueSpecification\",\"valueRequired\":true,\"valueName\":\"search_term_string\"}}],\"inLanguage\":\"hu\"},{\"@type\":\"Organization\",\"@id\":\"https:\\\/\\\/szentjozsef.org\\\/hu\\\/#organization\",\"name\":\"Szent J\u00f3zsef \\\/ San Jos\u00e9\",\"url\":\"https:\\\/\\\/szentjozsef.org\\\/hu\\\/\",\"logo\":{\"@type\":\"ImageObject\",\"inLanguage\":\"hu\",\"@id\":\"https:\\\/\\\/szentjozsef.org\\\/hu\\\/#\\\/schema\\\/logo\\\/image\\\/\",\"url\":\"https:\\\/\\\/i0.wp.com\\\/szentjozsef.org\\\/wp-content\\\/uploads\\\/2022\\\/01\\\/10-1.png?fit=500%2C500&ssl=1\",\"contentUrl\":\"https:\\\/\\\/i0.wp.com\\\/szentjozsef.org\\\/wp-content\\\/uploads\\\/2022\\\/01\\\/10-1.png?fit=500%2C500&ssl=1\",\"width\":500,\"height\":500,\"caption\":\"Szent J\u00f3zsef \\\/ San Jos\u00e9\"},\"image\":{\"@id\":\"https:\\\/\\\/szentjozsef.org\\\/hu\\\/#\\\/schema\\\/logo\\\/image\\\/\"},\"sameAs\":[\"https:\\\/\\\/x.com\\\/SzentJozsef\",\"https:\\\/\\\/www.youtube.com\\\/channel\\\/UCes8RN4qyFrTp80YfCedw7g\"]},{\"@type\":\"Person\",\"@id\":\"https:\\\/\\\/szentjozsef.org\\\/hu\\\/#\\\/schema\\\/person\\\/c5103e9e15676796dc69c52ebbdc879a\",\"name\":\"admin.szj\",\"image\":{\"@type\":\"ImageObject\",\"inLanguage\":\"hu\",\"@id\":\"https:\\\/\\\/secure.gravatar.com\\\/avatar\\\/d1a8e06dabc46c0d35d1121ebb4f989346734903df2cacfc3b1f7e1efa61776d?s=96&d=mm&r=g\",\"url\":\"https:\\\/\\\/secure.gravatar.com\\\/avatar\\\/d1a8e06dabc46c0d35d1121ebb4f989346734903df2cacfc3b1f7e1efa61776d?s=96&d=mm&r=g\",\"contentUrl\":\"https:\\\/\\\/secure.gravatar.com\\\/avatar\\\/d1a8e06dabc46c0d35d1121ebb4f989346734903df2cacfc3b1f7e1efa61776d?s=96&d=mm&r=g\",\"caption\":\"admin.szj\"},\"sameAs\":[\"https:\\\/\\\/szentjozsef.org\"],\"url\":\"https:\\\/\\\/szentjozsef.org\\\/hu\\\/author\\\/admin-szj\\\/\"}]}<\/script>\n<!-- \/ Yoast SEO Premium plugin. -->","yoast_head_json":{"title":"Erd\u0151 P\u00e9ter B\u00edboros Adventi \u00dczenete - Szent J\u00f3zsef","description":"Erd\u0151 P\u00e9ter b\u00edboros adventi \u00fczenete, amelyben mindannyiunkat tal\u00e1lkoz\u00e1sra, bens\u0151s\u00e9ges tal\u00e1lkoz\u00e1sra h\u00edv Krisztussal.","robots":{"index":"index","follow":"follow","max-snippet":"max-snippet:-1","max-image-preview":"max-image-preview:large","max-video-preview":"max-video-preview:-1"},"canonical":"https:\/\/szentjozsef.org\/hu\/2021\/nem-kategorizalt\/erdo-peter-biboros-adventi-uzenete\/","og_locale":"hu_HU","og_type":"article","og_title":"Erd\u0151 P\u00e9ter B\u00edboros Adventi \u00dczenete","og_description":"Erd\u0151 P\u00e9ter b\u00edboros adventi \u00fczenete, amelyben mindannyiunkat tal\u00e1lkoz\u00e1sra, bens\u0151s\u00e9ges tal\u00e1lkoz\u00e1sra h\u00edv Krisztussal.","og_url":"https:\/\/szentjozsef.org\/hu\/2021\/nem-kategorizalt\/erdo-peter-biboros-adventi-uzenete\/","og_site_name":"Szent J\u00f3zsef","article_published_time":"2021-11-28T09:00:00+00:00","article_modified_time":"2023-08-21T19:54:13+00:00","og_image":[{"width":1264,"height":577,"url":"https:\/\/szentjozsef.org\/wp-content\/uploads\/2022\/02\/CardenalPeterErdo202012.png","type":"image\/png"}],"author":"admin.szj","twitter_card":"summary_large_image","twitter_creator":"@SzentJozsef","twitter_site":"@SzentJozsef","twitter_misc":{"Szerz\u0151:":"admin.szj","Becs\u00fclt olvas\u00e1si id\u0151":"1 perc"},"schema":{"@context":"https:\/\/schema.org","@graph":[{"@type":"Article","@id":"https:\/\/szentjozsef.org\/hu\/2021\/nem-kategorizalt\/erdo-peter-biboros-adventi-uzenete\/#article","isPartOf":{"@id":"https:\/\/szentjozsef.org\/hu\/2021\/nem-kategorizalt\/erdo-peter-biboros-adventi-uzenete\/"},"author":{"name":"admin.szj","@id":"https:\/\/szentjozsef.org\/hu\/#\/schema\/person\/c5103e9e15676796dc69c52ebbdc879a"},"headline":"Erd\u0151 P\u00e9ter B\u00edboros Adventi \u00dczenete","datePublished":"2021-11-28T09:00:00+00:00","dateModified":"2023-08-21T19:54:13+00:00","mainEntityOfPage":{"@id":"https:\/\/szentjozsef.org\/hu\/2021\/nem-kategorizalt\/erdo-peter-biboros-adventi-uzenete\/"},"wordCount":214,"commentCount":0,"publisher":{"@id":"https:\/\/szentjozsef.org\/hu\/#organization"},"image":{"@id":"https:\/\/szentjozsef.org\/hu\/2021\/nem-kategorizalt\/erdo-peter-biboros-adventi-uzenete\/#primaryimage"},"thumbnailUrl":"https:\/\/i0.wp.com\/szentjozsef.org\/wp-content\/uploads\/2022\/02\/CardenalPeterErdo202012.png?fit=1264%2C577&ssl=1","articleSection":["Nem kategoriz\u00e1lt"],"inLanguage":"hu","potentialAction":[{"@type":"CommentAction","name":"Comment","target":["https:\/\/szentjozsef.org\/hu\/2021\/nem-kategorizalt\/erdo-peter-biboros-adventi-uzenete\/#respond"]}]},{"@type":"WebPage","@id":"https:\/\/szentjozsef.org\/hu\/2021\/nem-kategorizalt\/erdo-peter-biboros-adventi-uzenete\/","url":"https:\/\/szentjozsef.org\/hu\/2021\/nem-kategorizalt\/erdo-peter-biboros-adventi-uzenete\/","name":"Erd\u0151 P\u00e9ter B\u00edboros Adventi \u00dczenete - Szent J\u00f3zsef","isPartOf":{"@id":"https:\/\/szentjozsef.org\/hu\/#website"},"primaryImageOfPage":{"@id":"https:\/\/szentjozsef.org\/hu\/2021\/nem-kategorizalt\/erdo-peter-biboros-adventi-uzenete\/#primaryimage"},"image":{"@id":"https:\/\/szentjozsef.org\/hu\/2021\/nem-kategorizalt\/erdo-peter-biboros-adventi-uzenete\/#primaryimage"},"thumbnailUrl":"https:\/\/i0.wp.com\/szentjozsef.org\/wp-content\/uploads\/2022\/02\/CardenalPeterErdo202012.png?fit=1264%2C577&ssl=1","datePublished":"2021-11-28T09:00:00+00:00","dateModified":"2023-08-21T19:54:13+00:00","description":"Erd\u0151 P\u00e9ter b\u00edboros adventi \u00fczenete, amelyben mindannyiunkat tal\u00e1lkoz\u00e1sra, bens\u0151s\u00e9ges tal\u00e1lkoz\u00e1sra h\u00edv Krisztussal.","breadcrumb":{"@id":"https:\/\/szentjozsef.org\/hu\/2021\/nem-kategorizalt\/erdo-peter-biboros-adventi-uzenete\/#breadcrumb"},"inLanguage":"hu","potentialAction":[{"@type":"ReadAction","target":["https:\/\/szentjozsef.org\/hu\/2021\/nem-kategorizalt\/erdo-peter-biboros-adventi-uzenete\/"]}]},{"@type":"ImageObject","inLanguage":"hu","@id":"https:\/\/szentjozsef.org\/hu\/2021\/nem-kategorizalt\/erdo-peter-biboros-adventi-uzenete\/#primaryimage","url":"https:\/\/i0.wp.com\/szentjozsef.org\/wp-content\/uploads\/2022\/02\/CardenalPeterErdo202012.png?fit=1264%2C577&ssl=1","contentUrl":"https:\/\/i0.wp.com\/szentjozsef.org\/wp-content\/uploads\/2022\/02\/CardenalPeterErdo202012.png?fit=1264%2C577&ssl=1","width":1264,"height":577},{"@type":"BreadcrumbList","@id":"https:\/\/szentjozsef.org\/hu\/2021\/nem-kategorizalt\/erdo-peter-biboros-adventi-uzenete\/#breadcrumb","itemListElement":[{"@type":"ListItem","position":1,"name":"F\u0151oldal","item":"https:\/\/szentjozsef.org\/hu\/"},{"@type":"ListItem","position":2,"name":"Erd\u0151 P\u00e9ter B\u00edboros Adventi \u00dczenete"}]},{"@type":"WebSite","@id":"https:\/\/szentjozsef.org\/hu\/#website","url":"https:\/\/szentjozsef.org\/hu\/","name":"Szent J\u00f3zsef","description":"\u201cSAN JOSE HUNGAROS CATOLICOS DE ARGENTINA ASOCIACION CIVIL\u201d  \u2013 Szent J\u00f3zsef, argent\u00ednai katolikus magyar civil egyes\u00fclet \u2013","publisher":{"@id":"https:\/\/szentjozsef.org\/hu\/#organization"},"potentialAction":[{"@type":"SearchAction","target":{"@type":"EntryPoint","urlTemplate":"https:\/\/szentjozsef.org\/hu\/?s={search_term_string}"},"query-input":{"@type":"PropertyValueSpecification","valueRequired":true,"valueName":"search_term_string"}}],"inLanguage":"hu"},{"@type":"Organization","@id":"https:\/\/szentjozsef.org\/hu\/#organization","name":"Szent J\u00f3zsef \/ San Jos\u00e9","url":"https:\/\/szentjozsef.org\/hu\/","logo":{"@type":"ImageObject","inLanguage":"hu","@id":"https:\/\/szentjozsef.org\/hu\/#\/schema\/logo\/image\/","url":"https:\/\/i0.wp.com\/szentjozsef.org\/wp-content\/uploads\/2022\/01\/10-1.png?fit=500%2C500&ssl=1","contentUrl":"https:\/\/i0.wp.com\/szentjozsef.org\/wp-content\/uploads\/2022\/01\/10-1.png?fit=500%2C500&ssl=1","width":500,"height":500,"caption":"Szent J\u00f3zsef \/ San Jos\u00e9"},"image":{"@id":"https:\/\/szentjozsef.org\/hu\/#\/schema\/logo\/image\/"},"sameAs":["https:\/\/x.com\/SzentJozsef","https:\/\/www.youtube.com\/channel\/UCes8RN4qyFrTp80YfCedw7g"]},{"@type":"Person","@id":"https:\/\/szentjozsef.org\/hu\/#\/schema\/person\/c5103e9e15676796dc69c52ebbdc879a","name":"admin.szj","image":{"@type":"ImageObject","inLanguage":"hu","@id":"https:\/\/secure.gravatar.com\/avatar\/d1a8e06dabc46c0d35d1121ebb4f989346734903df2cacfc3b1f7e1efa61776d?s=96&d=mm&r=g","url":"https:\/\/secure.gravatar.com\/avatar\/d1a8e06dabc46c0d35d1121ebb4f989346734903df2cacfc3b1f7e1efa61776d?s=96&d=mm&r=g","contentUrl":"https:\/\/secure.gravatar.com\/avatar\/d1a8e06dabc46c0d35d1121ebb4f989346734903df2cacfc3b1f7e1efa61776d?s=96&d=mm&r=g","caption":"admin.szj"},"sameAs":["https:\/\/szentjozsef.org"],"url":"https:\/\/szentjozsef.org\/hu\/author\/admin-szj\/"}]}},"jetpack_featured_media_url":"https:\/\/i0.wp.com\/szentjozsef.org\/wp-content\/uploads\/2022\/02\/CardenalPeterErdo202012.png?fit=1264%2C577&ssl=1","jetpack_sharing_enabled":true,"_links":{"self":[{"href":"https:\/\/szentjozsef.org\/hu\/wp-json\/wp\/v2\/posts\/370","targetHints":{"allow":["GET"]}}],"collection":[{"href":"https:\/\/szentjozsef.org\/hu\/wp-json\/wp\/v2\/posts"}],"about":[{"href":"https:\/\/szentjozsef.org\/hu\/wp-json\/wp\/v2\/types\/post"}],"author":[{"embeddable":true,"href":"https:\/\/szentjozsef.org\/hu\/wp-json\/wp\/v2\/users\/1"}],"replies":[{"embeddable":true,"href":"https:\/\/szentjozsef.org\/hu\/wp-json\/wp\/v2\/comments?post=370"}],"version-history":[{"count":1,"href":"https:\/\/szentjozsef.org\/hu\/wp-json\/wp\/v2\/posts\/370\/revisions"}],"predecessor-version":[{"id":371,"href":"https:\/\/szentjozsef.org\/hu\/wp-json\/wp\/v2\/posts\/370\/revisions\/371"}],"wp:featuredmedia":[{"embeddable":true,"href":"https:\/\/szentjozsef.org\/hu\/wp-json\/wp\/v2\/media\/349"}],"wp:attachment":[{"href":"https:\/\/szentjozsef.org\/hu\/wp-json\/wp\/v2\/media?parent=370"}],"wp:term":[{"taxonomy":"category","embeddable":true,"href":"https:\/\/szentjozsef.org\/hu\/wp-json\/wp\/v2\/categories?post=370"},{"taxonomy":"post_tag","embeddable":true,"href":"https:\/\/szentjozsef.org\/hu\/wp-json\/wp\/v2\/tags?post=370"}],"curies":[{"name":"wp","href":"https:\/\/api.w.org\/{rel}","templated":true}]}}