{"id":382,"date":"2022-06-06T09:17:00","date_gmt":"2022-06-06T09:17:00","guid":{"rendered":"https:\/\/szentjozsef.org\/2022\/06\/06\/ahol-az-eg-osszeer-a-folddel\/"},"modified":"2023-08-22T02:12:09","modified_gmt":"2023-08-22T02:12:09","slug":"ahol-az-eg-osszeer-a-folddel","status":"publish","type":"post","link":"https:\/\/szentjozsef.org\/hu\/2022\/nem-kategorizalt\/ahol-az-eg-osszeer-a-folddel\/","title":{"rendered":"Ahol az \u00c9g \u00f6ssze\u00e9r a F\u00f6lddel"},"content":{"rendered":"<p>Az <em>&#8222;<a href=\"https:\/\/mediaklikk.hu\/video\/ahol-az-eg-osszeer-a-folddel\/#\" target=\"_blank\" rel=\"noopener\"><strong>Ahol az \u00c9g \u00f6ssze\u00e9r a F\u00f6lddel<\/strong><\/a>&#8221; (Donde el Cielo toca la Tierra)<\/em> c\u00edm\u0171 dokumentumfilm klasszikus \u00e9s szokatlan m\u00f3don id\u00e9zi fel az 52. budapesti Nemzetk\u00f6zi Eucharisztikus Kongresszus f\u0151 \u00fczeneteit. A vil\u00e1g minden t\u00e1j\u00e1r\u00f3l \u00e9rkez\u0151 egyh\u00e1zi \u00e9s vil\u00e1gi m\u00e9lt\u00f3s\u00e1gok gondolatai mellett megjelenik az els\u0151\u00e1ldoz\u00e1s gyermeke, a gyimesi zar\u00e1ndok, az \u00f6nk\u00e9ntes seg\u00edt\u0151 \u00e9s az \u00fajs\u00e1g\u00edr\u00f3 is.<\/p>\n<p>https:\/\/youtu.be\/emjrFrtEJaM<\/p>\n<p>A film nem csak a h\u00edv\u0151kr\u0151l sz\u00f3l, \u00e9s nem is kiz\u00e1r\u00f3lag a h\u00edv\u0151knek sz\u00f3l. A hit \u00e9s a szem\u00e9lyes p\u00e9ld\u00e1k, amelyek \u00e1tragyognak, t\u00e1mpontokat adhatnak azoknak, akik k\u00fcl\u00f6nb\u00f6z\u0151 vil\u00e1gn\u00e9zetekkel rendelkeznek, \u00e9s akiket \u00e9rdekel, hogy a katolikus egyh\u00e1z mi\u00e9rt marad \u00e9l\u0151 \u00e9s er\u0151s k\u00f6z\u00f6ss\u00e9g t\u00f6bb mint 2000 \u00e9v ut\u00e1n.<\/p>\n<p>A filmben szerepel t\u00f6bbek k\u00f6z\u00f6tt: Ferenc p\u00e1pa, <a href=\"https:\/\/es.wikipedia.org\/wiki\/P%C3%A9ter_Erd%C5%91\" target=\"_blank\" rel=\"noopener\">P\u00e9ter Erd\u0151<\/a>b\u00edboros, Robert Sarah guineai b\u00edboros, Veres Andr\u00e1s, az MKPK eln\u00f6ke, valamint Korea, F\u00fcl\u00f6p-szigetek, USA, Nig\u00e9ria, Irak \u00e9s m\u00e1s orsz\u00e1gok el\u0151ad\u00f3i. De tal\u00e1lkozhatnak Kov\u00e1cs \u00c1kos Kossuth-d\u00edjas zeneszerz\u0151vel \u00e9s Gy\u00f6ngyi Dani paralimpiai versenyz\u0151vel is.<\/p>\n<style>\/*! elementor - v3.15.0 - 20-08-2023 *\/\n.elementor-column .elementor-spacer-inner{height:var(--spacer-size)}.e-con{--container-widget-width:100%}.e-con-inner>.elementor-widget-spacer,.e-con>.elementor-widget-spacer{width:var(--container-widget-width,var(--spacer-size));--align-self:var(--container-widget-align-self,initial);--flex-shrink:0}.e-con-inner>.elementor-widget-spacer>.elementor-widget-container,.e-con-inner>.elementor-widget-spacer>.elementor-widget-container>.elementor-spacer,.e-con>.elementor-widget-spacer>.elementor-widget-container,.e-con>.elementor-widget-spacer>.elementor-widget-container>.elementor-spacer{height:100%}.e-con-inner>.elementor-widget-spacer>.elementor-widget-container>.elementor-spacer>.elementor-spacer-inner,.e-con>.elementor-widget-spacer>.elementor-widget-container>.elementor-spacer>.elementor-spacer-inner{height:var(--container-widget-height,var(--spacer-size))}<\/style>\n<p>\t\t\t<a href=\"https:\/\/mediaklikk.hu\/video\/ahol-az-eg-osszeer-a-folddel\/\" target=\"_blank\" rel=\"nofollow noopener\"><br \/>\n\t\t\t\t\t\tKattintson ide a teljes vide\u00f3 megtekint\u00e9s\u00e9hez<br \/>\n\t\t\t\t\t<\/a><\/p>\n<p><strong>C\u00edm: <\/strong><em>&#8222;Ahol az \u00c9g \u00f6ssze\u00e9r a F\u00f6lddel&#8221; (Donde el Cielo toca la Tierra)<br \/><\/em><strong>Rendez\u0151:<\/strong> Beatrix Sikl\u00f3si<br \/><strong>Orsz\u00e1g:<\/strong> Magyarorsz\u00e1g<br \/><strong>\u00c9v:<\/strong> 2022<br \/><strong>Id\u0151tartam:<\/strong> 57 perc:<br \/><strong>M\u0171faj:<\/strong> Dokumentumfilm<br \/><strong>St\u00fadi\u00f3:<\/strong> Carnival Film<\/p>\n","protected":false},"excerpt":{"rendered":"<p>&#8222;Ahol az \u00c9g \u00f6ssze\u00e9r a F\u00f6lddel&#8221; egy dokumentumfilm az 52. Nemzetk\u00f6zi Eucharisztikus Kongresszusr\u00f3l Budapesten.<br \/>\nA filmben t\u00f6bbek k\u00f6z\u00f6tt Ferenc p\u00e1pa, Erd\u0151 P\u00e9ter b\u00edboros, Robert Sarah guineai \u00e9rsek, Veres Andr\u00e1s, az MKPK eln\u00f6ke, Korea, F\u00fcl\u00f6p-szigetek, USA, Nig\u00e9ria, Irak \u00e9s m\u00e1s orsz\u00e1gok el\u0151ad\u00f3i szerepelnek.<\/p>\n","protected":false},"author":1,"featured_media":359,"comment_status":"closed","ping_status":"closed","sticky":false,"template":"","format":"standard","meta":{"_jetpack_memberships_contains_paid_content":false,"footnotes":""},"categories":[1],"tags":[],"class_list":["post-382","post","type-post","status-publish","format-standard","has-post-thumbnail","hentry","category-nem-kategorizalt"],"yoast_head":"<!-- This site is optimized with the Yoast SEO Premium plugin v21.3 (Yoast SEO v27.4) - https:\/\/yoast.com\/product\/yoast-seo-premium-wordpress\/ -->\n<title>Ahol az \u00c9g \u00f6ssze\u00e9r a F\u00f6lddel - Szent J\u00f3zsef<\/title>\n<meta name=\"description\" content=\"&quot;Ahol az \u00c9g \u00f6ssze\u00e9r a F\u00f6lddel&quot; (&quot;Donde el Cielo toca la Tierra&quot; spanyol nyelven) egy dokumentumfilm az 52. Nemzetk\u00f6zi Eucharisztikus Kongresszusr\u00f3l Budapesten.\" \/>\n<meta name=\"robots\" content=\"index, follow, max-snippet:-1, max-image-preview:large, max-video-preview:-1\" \/>\n<link rel=\"canonical\" href=\"https:\/\/szentjozsef.org\/hu\/2022\/nem-kategorizalt\/ahol-az-eg-osszeer-a-folddel\/\" \/>\n<meta property=\"og:locale\" content=\"hu_HU\" \/>\n<meta property=\"og:type\" content=\"article\" \/>\n<meta property=\"og:title\" content=\"Ahol az \u00c9g \u00f6ssze\u00e9r a F\u00f6lddel\" \/>\n<meta property=\"og:description\" content=\"&quot;Ahol az \u00c9g \u00f6ssze\u00e9r a F\u00f6lddel&quot; (&quot;Donde el Cielo toca la Tierra&quot; spanyol nyelven) egy dokumentumfilm az 52. Nemzetk\u00f6zi Eucharisztikus Kongresszusr\u00f3l Budapesten.\" \/>\n<meta property=\"og:url\" content=\"https:\/\/szentjozsef.org\/hu\/2022\/nem-kategorizalt\/ahol-az-eg-osszeer-a-folddel\/\" \/>\n<meta property=\"og:site_name\" content=\"Szent J\u00f3zsef\" \/>\n<meta property=\"article:published_time\" content=\"2022-06-06T09:17:00+00:00\" \/>\n<meta property=\"article:modified_time\" content=\"2023-08-22T02:12:09+00:00\" \/>\n<meta property=\"og:image\" content=\"https:\/\/szentjozsef.org\/wp-content\/uploads\/2022\/06\/Ahol-az-Eg-osszeer-a-Folddel-1x1-2.png\" \/>\n\t<meta property=\"og:image:width\" content=\"300\" \/>\n\t<meta property=\"og:image:height\" content=\"300\" \/>\n\t<meta property=\"og:image:type\" content=\"image\/png\" \/>\n<meta name=\"author\" content=\"admin.szj\" \/>\n<meta name=\"twitter:card\" content=\"summary_large_image\" \/>\n<meta name=\"twitter:creator\" content=\"@SzentJozsef\" \/>\n<meta name=\"twitter:site\" content=\"@SzentJozsef\" \/>\n<meta name=\"twitter:label1\" content=\"Szerz\u0151:\" \/>\n\t<meta name=\"twitter:data1\" content=\"admin.szj\" \/>\n\t<meta name=\"twitter:label2\" content=\"Becs\u00fclt olvas\u00e1si id\u0151\" \/>\n\t<meta name=\"twitter:data2\" content=\"1 perc\" \/>\n<script type=\"application\/ld+json\" class=\"yoast-schema-graph\">{\"@context\":\"https:\\\/\\\/schema.org\",\"@graph\":[{\"@type\":\"Article\",\"@id\":\"https:\\\/\\\/szentjozsef.org\\\/hu\\\/2022\\\/nem-kategorizalt\\\/ahol-az-eg-osszeer-a-folddel\\\/#article\",\"isPartOf\":{\"@id\":\"https:\\\/\\\/szentjozsef.org\\\/hu\\\/2022\\\/nem-kategorizalt\\\/ahol-az-eg-osszeer-a-folddel\\\/\"},\"author\":{\"name\":\"admin.szj\",\"@id\":\"https:\\\/\\\/szentjozsef.org\\\/hu\\\/#\\\/schema\\\/person\\\/c5103e9e15676796dc69c52ebbdc879a\"},\"headline\":\"Ahol az \u00c9g \u00f6ssze\u00e9r a F\u00f6lddel\",\"datePublished\":\"2022-06-06T09:17:00+00:00\",\"dateModified\":\"2023-08-22T02:12:09+00:00\",\"mainEntityOfPage\":{\"@id\":\"https:\\\/\\\/szentjozsef.org\\\/hu\\\/2022\\\/nem-kategorizalt\\\/ahol-az-eg-osszeer-a-folddel\\\/\"},\"wordCount\":264,\"publisher\":{\"@id\":\"https:\\\/\\\/szentjozsef.org\\\/hu\\\/#organization\"},\"image\":{\"@id\":\"https:\\\/\\\/szentjozsef.org\\\/hu\\\/2022\\\/nem-kategorizalt\\\/ahol-az-eg-osszeer-a-folddel\\\/#primaryimage\"},\"thumbnailUrl\":\"https:\\\/\\\/i0.wp.com\\\/szentjozsef.org\\\/wp-content\\\/uploads\\\/2022\\\/06\\\/Ahol-az-Eg-osszeer-a-Folddel-1x1-2.png?fit=300%2C300&ssl=1\",\"articleSection\":[\"Nem kategoriz\u00e1lt\"],\"inLanguage\":\"hu\"},{\"@type\":\"WebPage\",\"@id\":\"https:\\\/\\\/szentjozsef.org\\\/hu\\\/2022\\\/nem-kategorizalt\\\/ahol-az-eg-osszeer-a-folddel\\\/\",\"url\":\"https:\\\/\\\/szentjozsef.org\\\/hu\\\/2022\\\/nem-kategorizalt\\\/ahol-az-eg-osszeer-a-folddel\\\/\",\"name\":\"Ahol az \u00c9g \u00f6ssze\u00e9r a F\u00f6lddel - Szent J\u00f3zsef\",\"isPartOf\":{\"@id\":\"https:\\\/\\\/szentjozsef.org\\\/hu\\\/#website\"},\"primaryImageOfPage\":{\"@id\":\"https:\\\/\\\/szentjozsef.org\\\/hu\\\/2022\\\/nem-kategorizalt\\\/ahol-az-eg-osszeer-a-folddel\\\/#primaryimage\"},\"image\":{\"@id\":\"https:\\\/\\\/szentjozsef.org\\\/hu\\\/2022\\\/nem-kategorizalt\\\/ahol-az-eg-osszeer-a-folddel\\\/#primaryimage\"},\"thumbnailUrl\":\"https:\\\/\\\/i0.wp.com\\\/szentjozsef.org\\\/wp-content\\\/uploads\\\/2022\\\/06\\\/Ahol-az-Eg-osszeer-a-Folddel-1x1-2.png?fit=300%2C300&ssl=1\",\"datePublished\":\"2022-06-06T09:17:00+00:00\",\"dateModified\":\"2023-08-22T02:12:09+00:00\",\"description\":\"\\\"Ahol az \u00c9g \u00f6ssze\u00e9r a F\u00f6lddel\\\" (\\\"Donde el Cielo toca la Tierra\\\" spanyol nyelven) egy dokumentumfilm az 52. Nemzetk\u00f6zi Eucharisztikus Kongresszusr\u00f3l Budapesten.\",\"breadcrumb\":{\"@id\":\"https:\\\/\\\/szentjozsef.org\\\/hu\\\/2022\\\/nem-kategorizalt\\\/ahol-az-eg-osszeer-a-folddel\\\/#breadcrumb\"},\"inLanguage\":\"hu\",\"potentialAction\":[{\"@type\":\"ReadAction\",\"target\":[\"https:\\\/\\\/szentjozsef.org\\\/hu\\\/2022\\\/nem-kategorizalt\\\/ahol-az-eg-osszeer-a-folddel\\\/\"]}]},{\"@type\":\"ImageObject\",\"inLanguage\":\"hu\",\"@id\":\"https:\\\/\\\/szentjozsef.org\\\/hu\\\/2022\\\/nem-kategorizalt\\\/ahol-az-eg-osszeer-a-folddel\\\/#primaryimage\",\"url\":\"https:\\\/\\\/i0.wp.com\\\/szentjozsef.org\\\/wp-content\\\/uploads\\\/2022\\\/06\\\/Ahol-az-Eg-osszeer-a-Folddel-1x1-2.png?fit=300%2C300&ssl=1\",\"contentUrl\":\"https:\\\/\\\/i0.wp.com\\\/szentjozsef.org\\\/wp-content\\\/uploads\\\/2022\\\/06\\\/Ahol-az-Eg-osszeer-a-Folddel-1x1-2.png?fit=300%2C300&ssl=1\",\"width\":300,\"height\":300},{\"@type\":\"BreadcrumbList\",\"@id\":\"https:\\\/\\\/szentjozsef.org\\\/hu\\\/2022\\\/nem-kategorizalt\\\/ahol-az-eg-osszeer-a-folddel\\\/#breadcrumb\",\"itemListElement\":[{\"@type\":\"ListItem\",\"position\":1,\"name\":\"F\u0151oldal\",\"item\":\"https:\\\/\\\/szentjozsef.org\\\/hu\\\/\"},{\"@type\":\"ListItem\",\"position\":2,\"name\":\"Ahol az \u00c9g \u00f6ssze\u00e9r a F\u00f6lddel\"}]},{\"@type\":\"WebSite\",\"@id\":\"https:\\\/\\\/szentjozsef.org\\\/hu\\\/#website\",\"url\":\"https:\\\/\\\/szentjozsef.org\\\/hu\\\/\",\"name\":\"Szent J\u00f3zsef\",\"description\":\"\u201cSAN JOSE HUNGAROS CATOLICOS DE ARGENTINA ASOCIACION CIVIL\u201d  \u2013 Szent J\u00f3zsef, argent\u00ednai katolikus magyar civil egyes\u00fclet \u2013\",\"publisher\":{\"@id\":\"https:\\\/\\\/szentjozsef.org\\\/hu\\\/#organization\"},\"potentialAction\":[{\"@type\":\"SearchAction\",\"target\":{\"@type\":\"EntryPoint\",\"urlTemplate\":\"https:\\\/\\\/szentjozsef.org\\\/hu\\\/?s={search_term_string}\"},\"query-input\":{\"@type\":\"PropertyValueSpecification\",\"valueRequired\":true,\"valueName\":\"search_term_string\"}}],\"inLanguage\":\"hu\"},{\"@type\":\"Organization\",\"@id\":\"https:\\\/\\\/szentjozsef.org\\\/hu\\\/#organization\",\"name\":\"Szent J\u00f3zsef \\\/ San Jos\u00e9\",\"url\":\"https:\\\/\\\/szentjozsef.org\\\/hu\\\/\",\"logo\":{\"@type\":\"ImageObject\",\"inLanguage\":\"hu\",\"@id\":\"https:\\\/\\\/szentjozsef.org\\\/hu\\\/#\\\/schema\\\/logo\\\/image\\\/\",\"url\":\"https:\\\/\\\/i0.wp.com\\\/szentjozsef.org\\\/wp-content\\\/uploads\\\/2022\\\/01\\\/10-1.png?fit=500%2C500&ssl=1\",\"contentUrl\":\"https:\\\/\\\/i0.wp.com\\\/szentjozsef.org\\\/wp-content\\\/uploads\\\/2022\\\/01\\\/10-1.png?fit=500%2C500&ssl=1\",\"width\":500,\"height\":500,\"caption\":\"Szent J\u00f3zsef \\\/ San Jos\u00e9\"},\"image\":{\"@id\":\"https:\\\/\\\/szentjozsef.org\\\/hu\\\/#\\\/schema\\\/logo\\\/image\\\/\"},\"sameAs\":[\"https:\\\/\\\/x.com\\\/SzentJozsef\",\"https:\\\/\\\/www.youtube.com\\\/channel\\\/UCes8RN4qyFrTp80YfCedw7g\"]},{\"@type\":\"Person\",\"@id\":\"https:\\\/\\\/szentjozsef.org\\\/hu\\\/#\\\/schema\\\/person\\\/c5103e9e15676796dc69c52ebbdc879a\",\"name\":\"admin.szj\",\"image\":{\"@type\":\"ImageObject\",\"inLanguage\":\"hu\",\"@id\":\"https:\\\/\\\/secure.gravatar.com\\\/avatar\\\/d1a8e06dabc46c0d35d1121ebb4f989346734903df2cacfc3b1f7e1efa61776d?s=96&d=mm&r=g\",\"url\":\"https:\\\/\\\/secure.gravatar.com\\\/avatar\\\/d1a8e06dabc46c0d35d1121ebb4f989346734903df2cacfc3b1f7e1efa61776d?s=96&d=mm&r=g\",\"contentUrl\":\"https:\\\/\\\/secure.gravatar.com\\\/avatar\\\/d1a8e06dabc46c0d35d1121ebb4f989346734903df2cacfc3b1f7e1efa61776d?s=96&d=mm&r=g\",\"caption\":\"admin.szj\"},\"sameAs\":[\"https:\\\/\\\/szentjozsef.org\"],\"url\":\"https:\\\/\\\/szentjozsef.org\\\/hu\\\/author\\\/admin-szj\\\/\"}]}<\/script>\n<!-- \/ Yoast SEO Premium plugin. -->","yoast_head_json":{"title":"Ahol az \u00c9g \u00f6ssze\u00e9r a F\u00f6lddel - Szent J\u00f3zsef","description":"\"Ahol az \u00c9g \u00f6ssze\u00e9r a F\u00f6lddel\" (\"Donde el Cielo toca la Tierra\" spanyol nyelven) egy dokumentumfilm az 52. Nemzetk\u00f6zi Eucharisztikus Kongresszusr\u00f3l Budapesten.","robots":{"index":"index","follow":"follow","max-snippet":"max-snippet:-1","max-image-preview":"max-image-preview:large","max-video-preview":"max-video-preview:-1"},"canonical":"https:\/\/szentjozsef.org\/hu\/2022\/nem-kategorizalt\/ahol-az-eg-osszeer-a-folddel\/","og_locale":"hu_HU","og_type":"article","og_title":"Ahol az \u00c9g \u00f6ssze\u00e9r a F\u00f6lddel","og_description":"\"Ahol az \u00c9g \u00f6ssze\u00e9r a F\u00f6lddel\" (\"Donde el Cielo toca la Tierra\" spanyol nyelven) egy dokumentumfilm az 52. Nemzetk\u00f6zi Eucharisztikus Kongresszusr\u00f3l Budapesten.","og_url":"https:\/\/szentjozsef.org\/hu\/2022\/nem-kategorizalt\/ahol-az-eg-osszeer-a-folddel\/","og_site_name":"Szent J\u00f3zsef","article_published_time":"2022-06-06T09:17:00+00:00","article_modified_time":"2023-08-22T02:12:09+00:00","og_image":[{"width":300,"height":300,"url":"https:\/\/szentjozsef.org\/wp-content\/uploads\/2022\/06\/Ahol-az-Eg-osszeer-a-Folddel-1x1-2.png","type":"image\/png"}],"author":"admin.szj","twitter_card":"summary_large_image","twitter_creator":"@SzentJozsef","twitter_site":"@SzentJozsef","twitter_misc":{"Szerz\u0151:":"admin.szj","Becs\u00fclt olvas\u00e1si id\u0151":"1 perc"},"schema":{"@context":"https:\/\/schema.org","@graph":[{"@type":"Article","@id":"https:\/\/szentjozsef.org\/hu\/2022\/nem-kategorizalt\/ahol-az-eg-osszeer-a-folddel\/#article","isPartOf":{"@id":"https:\/\/szentjozsef.org\/hu\/2022\/nem-kategorizalt\/ahol-az-eg-osszeer-a-folddel\/"},"author":{"name":"admin.szj","@id":"https:\/\/szentjozsef.org\/hu\/#\/schema\/person\/c5103e9e15676796dc69c52ebbdc879a"},"headline":"Ahol az \u00c9g \u00f6ssze\u00e9r a F\u00f6lddel","datePublished":"2022-06-06T09:17:00+00:00","dateModified":"2023-08-22T02:12:09+00:00","mainEntityOfPage":{"@id":"https:\/\/szentjozsef.org\/hu\/2022\/nem-kategorizalt\/ahol-az-eg-osszeer-a-folddel\/"},"wordCount":264,"publisher":{"@id":"https:\/\/szentjozsef.org\/hu\/#organization"},"image":{"@id":"https:\/\/szentjozsef.org\/hu\/2022\/nem-kategorizalt\/ahol-az-eg-osszeer-a-folddel\/#primaryimage"},"thumbnailUrl":"https:\/\/i0.wp.com\/szentjozsef.org\/wp-content\/uploads\/2022\/06\/Ahol-az-Eg-osszeer-a-Folddel-1x1-2.png?fit=300%2C300&ssl=1","articleSection":["Nem kategoriz\u00e1lt"],"inLanguage":"hu"},{"@type":"WebPage","@id":"https:\/\/szentjozsef.org\/hu\/2022\/nem-kategorizalt\/ahol-az-eg-osszeer-a-folddel\/","url":"https:\/\/szentjozsef.org\/hu\/2022\/nem-kategorizalt\/ahol-az-eg-osszeer-a-folddel\/","name":"Ahol az \u00c9g \u00f6ssze\u00e9r a F\u00f6lddel - Szent J\u00f3zsef","isPartOf":{"@id":"https:\/\/szentjozsef.org\/hu\/#website"},"primaryImageOfPage":{"@id":"https:\/\/szentjozsef.org\/hu\/2022\/nem-kategorizalt\/ahol-az-eg-osszeer-a-folddel\/#primaryimage"},"image":{"@id":"https:\/\/szentjozsef.org\/hu\/2022\/nem-kategorizalt\/ahol-az-eg-osszeer-a-folddel\/#primaryimage"},"thumbnailUrl":"https:\/\/i0.wp.com\/szentjozsef.org\/wp-content\/uploads\/2022\/06\/Ahol-az-Eg-osszeer-a-Folddel-1x1-2.png?fit=300%2C300&ssl=1","datePublished":"2022-06-06T09:17:00+00:00","dateModified":"2023-08-22T02:12:09+00:00","description":"\"Ahol az \u00c9g \u00f6ssze\u00e9r a F\u00f6lddel\" (\"Donde el Cielo toca la Tierra\" spanyol nyelven) egy dokumentumfilm az 52. Nemzetk\u00f6zi Eucharisztikus Kongresszusr\u00f3l Budapesten.","breadcrumb":{"@id":"https:\/\/szentjozsef.org\/hu\/2022\/nem-kategorizalt\/ahol-az-eg-osszeer-a-folddel\/#breadcrumb"},"inLanguage":"hu","potentialAction":[{"@type":"ReadAction","target":["https:\/\/szentjozsef.org\/hu\/2022\/nem-kategorizalt\/ahol-az-eg-osszeer-a-folddel\/"]}]},{"@type":"ImageObject","inLanguage":"hu","@id":"https:\/\/szentjozsef.org\/hu\/2022\/nem-kategorizalt\/ahol-az-eg-osszeer-a-folddel\/#primaryimage","url":"https:\/\/i0.wp.com\/szentjozsef.org\/wp-content\/uploads\/2022\/06\/Ahol-az-Eg-osszeer-a-Folddel-1x1-2.png?fit=300%2C300&ssl=1","contentUrl":"https:\/\/i0.wp.com\/szentjozsef.org\/wp-content\/uploads\/2022\/06\/Ahol-az-Eg-osszeer-a-Folddel-1x1-2.png?fit=300%2C300&ssl=1","width":300,"height":300},{"@type":"BreadcrumbList","@id":"https:\/\/szentjozsef.org\/hu\/2022\/nem-kategorizalt\/ahol-az-eg-osszeer-a-folddel\/#breadcrumb","itemListElement":[{"@type":"ListItem","position":1,"name":"F\u0151oldal","item":"https:\/\/szentjozsef.org\/hu\/"},{"@type":"ListItem","position":2,"name":"Ahol az \u00c9g \u00f6ssze\u00e9r a F\u00f6lddel"}]},{"@type":"WebSite","@id":"https:\/\/szentjozsef.org\/hu\/#website","url":"https:\/\/szentjozsef.org\/hu\/","name":"Szent J\u00f3zsef","description":"\u201cSAN JOSE HUNGAROS CATOLICOS DE ARGENTINA ASOCIACION CIVIL\u201d  \u2013 Szent J\u00f3zsef, argent\u00ednai katolikus magyar civil egyes\u00fclet \u2013","publisher":{"@id":"https:\/\/szentjozsef.org\/hu\/#organization"},"potentialAction":[{"@type":"SearchAction","target":{"@type":"EntryPoint","urlTemplate":"https:\/\/szentjozsef.org\/hu\/?s={search_term_string}"},"query-input":{"@type":"PropertyValueSpecification","valueRequired":true,"valueName":"search_term_string"}}],"inLanguage":"hu"},{"@type":"Organization","@id":"https:\/\/szentjozsef.org\/hu\/#organization","name":"Szent J\u00f3zsef \/ San Jos\u00e9","url":"https:\/\/szentjozsef.org\/hu\/","logo":{"@type":"ImageObject","inLanguage":"hu","@id":"https:\/\/szentjozsef.org\/hu\/#\/schema\/logo\/image\/","url":"https:\/\/i0.wp.com\/szentjozsef.org\/wp-content\/uploads\/2022\/01\/10-1.png?fit=500%2C500&ssl=1","contentUrl":"https:\/\/i0.wp.com\/szentjozsef.org\/wp-content\/uploads\/2022\/01\/10-1.png?fit=500%2C500&ssl=1","width":500,"height":500,"caption":"Szent J\u00f3zsef \/ San Jos\u00e9"},"image":{"@id":"https:\/\/szentjozsef.org\/hu\/#\/schema\/logo\/image\/"},"sameAs":["https:\/\/x.com\/SzentJozsef","https:\/\/www.youtube.com\/channel\/UCes8RN4qyFrTp80YfCedw7g"]},{"@type":"Person","@id":"https:\/\/szentjozsef.org\/hu\/#\/schema\/person\/c5103e9e15676796dc69c52ebbdc879a","name":"admin.szj","image":{"@type":"ImageObject","inLanguage":"hu","@id":"https:\/\/secure.gravatar.com\/avatar\/d1a8e06dabc46c0d35d1121ebb4f989346734903df2cacfc3b1f7e1efa61776d?s=96&d=mm&r=g","url":"https:\/\/secure.gravatar.com\/avatar\/d1a8e06dabc46c0d35d1121ebb4f989346734903df2cacfc3b1f7e1efa61776d?s=96&d=mm&r=g","contentUrl":"https:\/\/secure.gravatar.com\/avatar\/d1a8e06dabc46c0d35d1121ebb4f989346734903df2cacfc3b1f7e1efa61776d?s=96&d=mm&r=g","caption":"admin.szj"},"sameAs":["https:\/\/szentjozsef.org"],"url":"https:\/\/szentjozsef.org\/hu\/author\/admin-szj\/"}]}},"jetpack_featured_media_url":"https:\/\/i0.wp.com\/szentjozsef.org\/wp-content\/uploads\/2022\/06\/Ahol-az-Eg-osszeer-a-Folddel-1x1-2.png?fit=300%2C300&ssl=1","jetpack_sharing_enabled":true,"_links":{"self":[{"href":"https:\/\/szentjozsef.org\/hu\/wp-json\/wp\/v2\/posts\/382","targetHints":{"allow":["GET"]}}],"collection":[{"href":"https:\/\/szentjozsef.org\/hu\/wp-json\/wp\/v2\/posts"}],"about":[{"href":"https:\/\/szentjozsef.org\/hu\/wp-json\/wp\/v2\/types\/post"}],"author":[{"embeddable":true,"href":"https:\/\/szentjozsef.org\/hu\/wp-json\/wp\/v2\/users\/1"}],"replies":[{"embeddable":true,"href":"https:\/\/szentjozsef.org\/hu\/wp-json\/wp\/v2\/comments?post=382"}],"version-history":[{"count":1,"href":"https:\/\/szentjozsef.org\/hu\/wp-json\/wp\/v2\/posts\/382\/revisions"}],"predecessor-version":[{"id":383,"href":"https:\/\/szentjozsef.org\/hu\/wp-json\/wp\/v2\/posts\/382\/revisions\/383"}],"wp:featuredmedia":[{"embeddable":true,"href":"https:\/\/szentjozsef.org\/hu\/wp-json\/wp\/v2\/media\/359"}],"wp:attachment":[{"href":"https:\/\/szentjozsef.org\/hu\/wp-json\/wp\/v2\/media?parent=382"}],"wp:term":[{"taxonomy":"category","embeddable":true,"href":"https:\/\/szentjozsef.org\/hu\/wp-json\/wp\/v2\/categories?post=382"},{"taxonomy":"post_tag","embeddable":true,"href":"https:\/\/szentjozsef.org\/hu\/wp-json\/wp\/v2\/tags?post=382"}],"curies":[{"name":"wp","href":"https:\/\/api.w.org\/{rel}","templated":true}]}}