{"id":384,"date":"2021-12-22T09:00:00","date_gmt":"2021-12-22T09:00:00","guid":{"rendered":"https:\/\/szentjozsef.org\/2021\/12\/22\/boldog-karacsonyt-2021\/"},"modified":"2023-08-22T02:44:53","modified_gmt":"2023-08-22T02:44:53","slug":"boldog-karacsonyt-2021","status":"publish","type":"post","link":"https:\/\/szentjozsef.org\/hu\/2021\/nem-kategorizalt\/boldog-karacsonyt-2021\/","title":{"rendered":"Boldog Kar\u00e1csonyt 2021."},"content":{"rendered":"\n<p>Boldog kar\u00e1csonyt k\u00edv\u00e1nunk mindenkinek ebben a 2021-es \u00e9vben, amely v\u00e9get \u00e9r, \u00e9s rem\u00e9lhet\u0151leg a j\u00e1rv\u00e1ny is v\u00e9get \u00e9r vele. Ez volt az az \u00e9v, amikor a viszontags\u00e1gok ism\u00e9t fel\u00e9rt\u00e9kelt\u00e9k a m\u00e1sikkal val\u00f3 tal\u00e1lkoz\u00e1st. A j\u00e1rv\u00e1ny sor\u00e1n sokan vesz\u00edtett\u00e9k el csal\u00e1dtagjaikat \u00e9s szeretteiket. Sokszor m\u00e9g att\u00f3l is megfosztva, hogy elb\u00facs\u00fazhassanak t\u0151l\u00fck. Legyen ez az \u00fcnnep tal\u00e1lkoz\u00e1si pont a szeretteivel. Akik mellett\u00fcnk vannak, \u00e9s azokkal is, akik m\u00e1r nincsenek itt. Engedj\u00fck, hogy a gyermek J\u00e9zus \u00fajj\u00e1sz\u00fclessen a sz\u00edv\u00fcnkben, hogy meggy\u00f3gy\u00edtsa f\u00e1jdalmunkat, \u00f6r\u00f6mmel \u00e9s rem\u00e9nnyel t\u00f6lts\u00f6n el minket. <\/p>\n\n<p>Ez\u00e9rt ebben az id\u0151ben &#8222;ne csak a f\u00e1r\u00f3l, a csillog\u00e1sr\u00f3l vagy az aj\u00e1nd\u00e9kokr\u00f3l besz\u00e9lj\u00fcnk, hanem a m\u00e1sik t\u00e1rsas\u00e1g\u00e1r\u00f3l is, mert ez a kar\u00e1csony \u00e9rtelme \u00e9s gazdag\u00edt minket!&#8221; &#8211; Erre eml\u00e9keztet <a href=\"https:\/\/youtu.be\/YJfB11JG_Xw\" target=\"_blank\" rel=\"noreferrer noopener\">Erd\u0151 P\u00e9ter esztergom-budapesti \u00e9rsek egy tavaly kar\u00e1csony el\u0151tti interj\u00faban.<\/a> A b\u00edboros \u00fagy fogalmazott: j\u00e1rv\u00e1ny idej\u00e9n sem szabad elfelejten\u00fcnk, hogy a kar\u00e1csony a bizalom, a rem\u00e9ny \u00e9s a szeretet \u00fcnnepe, \u00e9s ha megtanuljuk tisztelni egym\u00e1st, akkor ez olyan \u00e9rt\u00e9k, amely a legnehezebb pillanatokban is seg\u00edts\u00e9g\u00fcnkre lehet. <\/p>\n\n<p>Kar\u00e1csony est\u00e9j\u00e9re aj\u00e1nd\u00e9kot hagyunk nektek az egyik szentt\u0151l, aki annak az Egyh\u00e1znak a szimb\u00f3luma, amely kimegy a modern emberhez, hogy eml\u00e9keztesse \u0151t arra, hogy Isten \u00f6r\u00f6kt\u0151l fogva tov\u00e1bbra is arra h\u00edvja \u0151t, hogy ossza meg \u00e9let\u00e9t, legyen teljes, \u00e9s teremje meg az \u00e9letszents\u00e9g gy\u00fcm\u00f6lcseit. Hagyjuk, hogy Szent XXIII. J\u00e1nos sz\u00e9p im\u00e1j\u00e1t olvassuk, aki arra h\u00edv, hogy k\u00f6zeledj\u00fcnk a gyermek J\u00e9zushoz, \u00e9s term\u00e9szetes m\u00f3don sz\u00f3ljunk hozz\u00e1:<\/p>\n\n<h2 class=\"wp-block-heading\" id=\"oracion-del-papa-san-juan-xxiiien-primer-lugar-os-dejamos-esta-bella-oracion-dicha-por-juan-xxiii-que-nos-invita-a-acercarnos-al-nino-y-hablarle-con-naturalidad\">Szent XXIII. J\u00e1nos p\u00e1pa im\u00e1ja<\/h2>\n\n<p class=\"has-text-align-center\" id=\"oracion-del-papa-san-juan-xxiiien-primer-lugar-os-dejamos-esta-bella-oracion-dicha-por-juan-xxiii-que-nos-invita-a-acercarnos-al-nino-y-hablarle-con-naturalidad\">Betlehemi \u00e9des gyermek, k\u00e9nyszer\u00edts minket, hogy teljes lelk\u00fcnkkel hatoljunk be a kar\u00e1csony eme m\u00e9ly miszt\u00e9rium\u00e1ba. Tedd az emberek sz\u00edv\u00e9be azt a b\u00e9k\u00e9t, amit keresnek, olykor oly sok er\u0151szakkal, \u00e9s amit csak te tudsz adni. Seg\u00edts nekik, hogy jobban megismerj\u00e9k egym\u00e1st, \u00e9s testv\u00e9riesen \u00e9ljenek, mint egyazon Atya gyermekei.<\/p>\n\n<p class=\"has-text-align-center\">Fedezze fel a sz\u00e9ps\u00e9g\u00e9t, a szentj\u00e9t \u00e9s a tisztas\u00e1g\u00e1t is. \u00c9breszd fel sz\u00edv\u00e9ben szeretetet \u00e9s h\u00e1l\u00e1t v\u00e9gtelen j\u00f3s\u00e1god ir\u00e1nt. Egyes\u00edtsd \u0151ket j\u00f3t\u00e9konys\u00e1godban. \u00c9s add mindny\u00e1junknak mennyei b\u00e9k\u00e9det. <\/p>\n\n<p class=\"has-text-align-center\">\u00c1men.<\/p>\n\n<div style=\"height:50px\" aria-hidden=\"true\" class=\"wp-block-spacer\"><\/div>\n\n<figure class=\"wp-block-image size-large\"><img data-recalc-dims=\"1\" loading=\"lazy\" decoding=\"async\" width=\"660\" height=\"442\" src=\"https:\/\/i0.wp.com\/szentjozsef.org\/wp-content\/uploads\/2022\/02\/pesebre-de-navidad1.png?resize=660%2C442&#038;ssl=1\" alt=\"Boldog Kar&#xE1;csonyt 2021.\" class=\"wp-image-59\" srcset=\"https:\/\/i0.wp.com\/szentjozsef.org\/wp-content\/uploads\/2022\/02\/pesebre-de-navidad1.png?resize=1024%2C685&amp;ssl=1 1024w, https:\/\/i0.wp.com\/szentjozsef.org\/wp-content\/uploads\/2022\/02\/pesebre-de-navidad1.png?resize=300%2C200&amp;ssl=1 300w, https:\/\/i0.wp.com\/szentjozsef.org\/wp-content\/uploads\/2022\/02\/pesebre-de-navidad1.png?resize=768%2C514&amp;ssl=1 768w, https:\/\/i0.wp.com\/szentjozsef.org\/wp-content\/uploads\/2022\/02\/pesebre-de-navidad1.png?w=1100&amp;ssl=1 1100w\" sizes=\"auto, (max-width: 660px) 100vw, 660px\" \/><\/figure>\n\n<p class=\"has-text-align-right\">Boldog Kar\u00e1csonyt 2021. <\/p>\n\n<figure class=\"wp-block-image\"><img decoding=\"async\" src=\"blob:https:\/\/szentjozsef.org\/228c623d-f808-4eaf-bacd-b699dc9c9a93\" alt=\"\"\/><\/figure>\n","protected":false},"excerpt":{"rendered":"<p>Boldog kar\u00e1csonyt k\u00edv\u00e1nunk mindenkinek ebben a 2021-es \u00e9vben, amely v\u00e9get \u00e9r, \u00e9s rem\u00e9lhet\u0151leg a j\u00e1rv\u00e1ny is v\u00e9get \u00e9r vele. Ez volt az az \u00e9v, amikor a viszontags\u00e1gok ism\u00e9t fel\u00e9rt\u00e9kelt\u00e9k a&hellip;<\/p>\n","protected":false},"author":1,"featured_media":353,"comment_status":"open","ping_status":"open","sticky":false,"template":"","format":"standard","meta":{"_jetpack_memberships_contains_paid_content":false,"footnotes":""},"categories":[1],"tags":[],"class_list":["post-384","post","type-post","status-publish","format-standard","has-post-thumbnail","hentry","category-nem-kategorizalt"],"yoast_head":"<!-- This site is optimized with the Yoast SEO Premium plugin v21.3 (Yoast SEO v27.4) - https:\/\/yoast.com\/product\/yoast-seo-premium-wordpress\/ -->\n<title>Boldog Kar\u00e1csonyt 2021. - Szent J\u00f3zsef<\/title>\n<meta name=\"description\" content=\"Boldog Kar\u00e1csonyt 2021. Ne csak a f\u00e1r\u00f3l, a csillog\u00e1sr\u00f3l vagy az aj\u00e1nd\u00e9kokr\u00f3l besz\u00e9lj\u00fcnk, hanem egym\u00e1s t\u00e1rsas\u00e1g\u00e1r\u00f3l is, mert ez a kar\u00e1csony jelent\u00e9se.\" \/>\n<meta name=\"robots\" content=\"index, follow, max-snippet:-1, max-image-preview:large, max-video-preview:-1\" \/>\n<link rel=\"canonical\" href=\"https:\/\/szentjozsef.org\/hu\/2021\/nem-kategorizalt\/boldog-karacsonyt-2021\/\" \/>\n<meta property=\"og:locale\" content=\"hu_HU\" \/>\n<meta property=\"og:type\" content=\"article\" \/>\n<meta property=\"og:title\" content=\"Boldog Kar\u00e1csonyt 2021.\" \/>\n<meta property=\"og:description\" content=\"Boldog Kar\u00e1csonyt 2021. Ne csak a f\u00e1r\u00f3l, a csillog\u00e1sr\u00f3l vagy az aj\u00e1nd\u00e9kokr\u00f3l besz\u00e9lj\u00fcnk, hanem egym\u00e1s t\u00e1rsas\u00e1g\u00e1r\u00f3l is, mert ez a kar\u00e1csony jelent\u00e9se.\" \/>\n<meta property=\"og:url\" content=\"https:\/\/szentjozsef.org\/hu\/2021\/nem-kategorizalt\/boldog-karacsonyt-2021\/\" \/>\n<meta property=\"og:site_name\" content=\"Szent J\u00f3zsef\" \/>\n<meta property=\"article:published_time\" content=\"2021-12-22T09:00:00+00:00\" \/>\n<meta property=\"article:modified_time\" content=\"2023-08-22T02:44:53+00:00\" \/>\n<meta property=\"og:image\" content=\"https:\/\/szentjozsef.org\/wp-content\/uploads\/2021\/12\/pesebre-de-navidad1-portada.png\" \/>\n\t<meta property=\"og:image:width\" content=\"736\" \/>\n\t<meta property=\"og:image:height\" content=\"736\" \/>\n\t<meta property=\"og:image:type\" content=\"image\/png\" \/>\n<meta name=\"author\" content=\"admin.szj\" \/>\n<meta name=\"twitter:card\" content=\"summary_large_image\" \/>\n<meta name=\"twitter:creator\" content=\"@SzentJozsef\" \/>\n<meta name=\"twitter:site\" content=\"@SzentJozsef\" \/>\n<meta name=\"twitter:label1\" content=\"Szerz\u0151:\" \/>\n\t<meta name=\"twitter:data1\" content=\"admin.szj\" \/>\n\t<meta name=\"twitter:label2\" content=\"Becs\u00fclt olvas\u00e1si id\u0151\" \/>\n\t<meta name=\"twitter:data2\" content=\"2 perc\" \/>\n<script type=\"application\/ld+json\" class=\"yoast-schema-graph\">{\"@context\":\"https:\\\/\\\/schema.org\",\"@graph\":[{\"@type\":\"Article\",\"@id\":\"https:\\\/\\\/szentjozsef.org\\\/hu\\\/2021\\\/nem-kategorizalt\\\/boldog-karacsonyt-2021\\\/#article\",\"isPartOf\":{\"@id\":\"https:\\\/\\\/szentjozsef.org\\\/hu\\\/2021\\\/nem-kategorizalt\\\/boldog-karacsonyt-2021\\\/\"},\"author\":{\"name\":\"admin.szj\",\"@id\":\"https:\\\/\\\/szentjozsef.org\\\/hu\\\/#\\\/schema\\\/person\\\/c5103e9e15676796dc69c52ebbdc879a\"},\"headline\":\"Boldog Kar\u00e1csonyt 2021.\",\"datePublished\":\"2021-12-22T09:00:00+00:00\",\"dateModified\":\"2023-08-22T02:44:53+00:00\",\"mainEntityOfPage\":{\"@id\":\"https:\\\/\\\/szentjozsef.org\\\/hu\\\/2021\\\/nem-kategorizalt\\\/boldog-karacsonyt-2021\\\/\"},\"wordCount\":460,\"commentCount\":0,\"publisher\":{\"@id\":\"https:\\\/\\\/szentjozsef.org\\\/hu\\\/#organization\"},\"image\":{\"@id\":\"https:\\\/\\\/szentjozsef.org\\\/hu\\\/2021\\\/nem-kategorizalt\\\/boldog-karacsonyt-2021\\\/#primaryimage\"},\"thumbnailUrl\":\"https:\\\/\\\/i0.wp.com\\\/szentjozsef.org\\\/wp-content\\\/uploads\\\/2021\\\/12\\\/pesebre-de-navidad1-portada.png?fit=736%2C736&ssl=1\",\"articleSection\":[\"Nem kategoriz\u00e1lt\"],\"inLanguage\":\"hu\",\"potentialAction\":[{\"@type\":\"CommentAction\",\"name\":\"Comment\",\"target\":[\"https:\\\/\\\/szentjozsef.org\\\/hu\\\/2021\\\/nem-kategorizalt\\\/boldog-karacsonyt-2021\\\/#respond\"]}]},{\"@type\":\"WebPage\",\"@id\":\"https:\\\/\\\/szentjozsef.org\\\/hu\\\/2021\\\/nem-kategorizalt\\\/boldog-karacsonyt-2021\\\/\",\"url\":\"https:\\\/\\\/szentjozsef.org\\\/hu\\\/2021\\\/nem-kategorizalt\\\/boldog-karacsonyt-2021\\\/\",\"name\":\"Boldog Kar\u00e1csonyt 2021. - Szent J\u00f3zsef\",\"isPartOf\":{\"@id\":\"https:\\\/\\\/szentjozsef.org\\\/hu\\\/#website\"},\"primaryImageOfPage\":{\"@id\":\"https:\\\/\\\/szentjozsef.org\\\/hu\\\/2021\\\/nem-kategorizalt\\\/boldog-karacsonyt-2021\\\/#primaryimage\"},\"image\":{\"@id\":\"https:\\\/\\\/szentjozsef.org\\\/hu\\\/2021\\\/nem-kategorizalt\\\/boldog-karacsonyt-2021\\\/#primaryimage\"},\"thumbnailUrl\":\"https:\\\/\\\/i0.wp.com\\\/szentjozsef.org\\\/wp-content\\\/uploads\\\/2021\\\/12\\\/pesebre-de-navidad1-portada.png?fit=736%2C736&ssl=1\",\"datePublished\":\"2021-12-22T09:00:00+00:00\",\"dateModified\":\"2023-08-22T02:44:53+00:00\",\"description\":\"Boldog Kar\u00e1csonyt 2021. Ne csak a f\u00e1r\u00f3l, a csillog\u00e1sr\u00f3l vagy az aj\u00e1nd\u00e9kokr\u00f3l besz\u00e9lj\u00fcnk, hanem egym\u00e1s t\u00e1rsas\u00e1g\u00e1r\u00f3l is, mert ez a kar\u00e1csony jelent\u00e9se.\",\"breadcrumb\":{\"@id\":\"https:\\\/\\\/szentjozsef.org\\\/hu\\\/2021\\\/nem-kategorizalt\\\/boldog-karacsonyt-2021\\\/#breadcrumb\"},\"inLanguage\":\"hu\",\"potentialAction\":[{\"@type\":\"ReadAction\",\"target\":[\"https:\\\/\\\/szentjozsef.org\\\/hu\\\/2021\\\/nem-kategorizalt\\\/boldog-karacsonyt-2021\\\/\"]}]},{\"@type\":\"ImageObject\",\"inLanguage\":\"hu\",\"@id\":\"https:\\\/\\\/szentjozsef.org\\\/hu\\\/2021\\\/nem-kategorizalt\\\/boldog-karacsonyt-2021\\\/#primaryimage\",\"url\":\"https:\\\/\\\/i0.wp.com\\\/szentjozsef.org\\\/wp-content\\\/uploads\\\/2021\\\/12\\\/pesebre-de-navidad1-portada.png?fit=736%2C736&ssl=1\",\"contentUrl\":\"https:\\\/\\\/i0.wp.com\\\/szentjozsef.org\\\/wp-content\\\/uploads\\\/2021\\\/12\\\/pesebre-de-navidad1-portada.png?fit=736%2C736&ssl=1\",\"width\":736,\"height\":736},{\"@type\":\"BreadcrumbList\",\"@id\":\"https:\\\/\\\/szentjozsef.org\\\/hu\\\/2021\\\/nem-kategorizalt\\\/boldog-karacsonyt-2021\\\/#breadcrumb\",\"itemListElement\":[{\"@type\":\"ListItem\",\"position\":1,\"name\":\"F\u0151oldal\",\"item\":\"https:\\\/\\\/szentjozsef.org\\\/hu\\\/\"},{\"@type\":\"ListItem\",\"position\":2,\"name\":\"Boldog Kar\u00e1csonyt 2021.\"}]},{\"@type\":\"WebSite\",\"@id\":\"https:\\\/\\\/szentjozsef.org\\\/hu\\\/#website\",\"url\":\"https:\\\/\\\/szentjozsef.org\\\/hu\\\/\",\"name\":\"Szent J\u00f3zsef\",\"description\":\"\u201cSAN JOSE HUNGAROS CATOLICOS DE ARGENTINA ASOCIACION CIVIL\u201d  \u2013 Szent J\u00f3zsef, argent\u00ednai katolikus magyar civil egyes\u00fclet \u2013\",\"publisher\":{\"@id\":\"https:\\\/\\\/szentjozsef.org\\\/hu\\\/#organization\"},\"potentialAction\":[{\"@type\":\"SearchAction\",\"target\":{\"@type\":\"EntryPoint\",\"urlTemplate\":\"https:\\\/\\\/szentjozsef.org\\\/hu\\\/?s={search_term_string}\"},\"query-input\":{\"@type\":\"PropertyValueSpecification\",\"valueRequired\":true,\"valueName\":\"search_term_string\"}}],\"inLanguage\":\"hu\"},{\"@type\":\"Organization\",\"@id\":\"https:\\\/\\\/szentjozsef.org\\\/hu\\\/#organization\",\"name\":\"Szent J\u00f3zsef \\\/ San Jos\u00e9\",\"url\":\"https:\\\/\\\/szentjozsef.org\\\/hu\\\/\",\"logo\":{\"@type\":\"ImageObject\",\"inLanguage\":\"hu\",\"@id\":\"https:\\\/\\\/szentjozsef.org\\\/hu\\\/#\\\/schema\\\/logo\\\/image\\\/\",\"url\":\"https:\\\/\\\/i0.wp.com\\\/szentjozsef.org\\\/wp-content\\\/uploads\\\/2022\\\/01\\\/10-1.png?fit=500%2C500&ssl=1\",\"contentUrl\":\"https:\\\/\\\/i0.wp.com\\\/szentjozsef.org\\\/wp-content\\\/uploads\\\/2022\\\/01\\\/10-1.png?fit=500%2C500&ssl=1\",\"width\":500,\"height\":500,\"caption\":\"Szent J\u00f3zsef \\\/ San Jos\u00e9\"},\"image\":{\"@id\":\"https:\\\/\\\/szentjozsef.org\\\/hu\\\/#\\\/schema\\\/logo\\\/image\\\/\"},\"sameAs\":[\"https:\\\/\\\/x.com\\\/SzentJozsef\",\"https:\\\/\\\/www.youtube.com\\\/channel\\\/UCes8RN4qyFrTp80YfCedw7g\"]},{\"@type\":\"Person\",\"@id\":\"https:\\\/\\\/szentjozsef.org\\\/hu\\\/#\\\/schema\\\/person\\\/c5103e9e15676796dc69c52ebbdc879a\",\"name\":\"admin.szj\",\"image\":{\"@type\":\"ImageObject\",\"inLanguage\":\"hu\",\"@id\":\"https:\\\/\\\/secure.gravatar.com\\\/avatar\\\/d1a8e06dabc46c0d35d1121ebb4f989346734903df2cacfc3b1f7e1efa61776d?s=96&d=mm&r=g\",\"url\":\"https:\\\/\\\/secure.gravatar.com\\\/avatar\\\/d1a8e06dabc46c0d35d1121ebb4f989346734903df2cacfc3b1f7e1efa61776d?s=96&d=mm&r=g\",\"contentUrl\":\"https:\\\/\\\/secure.gravatar.com\\\/avatar\\\/d1a8e06dabc46c0d35d1121ebb4f989346734903df2cacfc3b1f7e1efa61776d?s=96&d=mm&r=g\",\"caption\":\"admin.szj\"},\"sameAs\":[\"https:\\\/\\\/szentjozsef.org\"],\"url\":\"https:\\\/\\\/szentjozsef.org\\\/hu\\\/author\\\/admin-szj\\\/\"}]}<\/script>\n<!-- \/ Yoast SEO Premium plugin. -->","yoast_head_json":{"title":"Boldog Kar\u00e1csonyt 2021. - Szent J\u00f3zsef","description":"Boldog Kar\u00e1csonyt 2021. Ne csak a f\u00e1r\u00f3l, a csillog\u00e1sr\u00f3l vagy az aj\u00e1nd\u00e9kokr\u00f3l besz\u00e9lj\u00fcnk, hanem egym\u00e1s t\u00e1rsas\u00e1g\u00e1r\u00f3l is, mert ez a kar\u00e1csony jelent\u00e9se.","robots":{"index":"index","follow":"follow","max-snippet":"max-snippet:-1","max-image-preview":"max-image-preview:large","max-video-preview":"max-video-preview:-1"},"canonical":"https:\/\/szentjozsef.org\/hu\/2021\/nem-kategorizalt\/boldog-karacsonyt-2021\/","og_locale":"hu_HU","og_type":"article","og_title":"Boldog Kar\u00e1csonyt 2021.","og_description":"Boldog Kar\u00e1csonyt 2021. Ne csak a f\u00e1r\u00f3l, a csillog\u00e1sr\u00f3l vagy az aj\u00e1nd\u00e9kokr\u00f3l besz\u00e9lj\u00fcnk, hanem egym\u00e1s t\u00e1rsas\u00e1g\u00e1r\u00f3l is, mert ez a kar\u00e1csony jelent\u00e9se.","og_url":"https:\/\/szentjozsef.org\/hu\/2021\/nem-kategorizalt\/boldog-karacsonyt-2021\/","og_site_name":"Szent J\u00f3zsef","article_published_time":"2021-12-22T09:00:00+00:00","article_modified_time":"2023-08-22T02:44:53+00:00","og_image":[{"width":736,"height":736,"url":"https:\/\/szentjozsef.org\/wp-content\/uploads\/2021\/12\/pesebre-de-navidad1-portada.png","type":"image\/png"}],"author":"admin.szj","twitter_card":"summary_large_image","twitter_creator":"@SzentJozsef","twitter_site":"@SzentJozsef","twitter_misc":{"Szerz\u0151:":"admin.szj","Becs\u00fclt olvas\u00e1si id\u0151":"2 perc"},"schema":{"@context":"https:\/\/schema.org","@graph":[{"@type":"Article","@id":"https:\/\/szentjozsef.org\/hu\/2021\/nem-kategorizalt\/boldog-karacsonyt-2021\/#article","isPartOf":{"@id":"https:\/\/szentjozsef.org\/hu\/2021\/nem-kategorizalt\/boldog-karacsonyt-2021\/"},"author":{"name":"admin.szj","@id":"https:\/\/szentjozsef.org\/hu\/#\/schema\/person\/c5103e9e15676796dc69c52ebbdc879a"},"headline":"Boldog Kar\u00e1csonyt 2021.","datePublished":"2021-12-22T09:00:00+00:00","dateModified":"2023-08-22T02:44:53+00:00","mainEntityOfPage":{"@id":"https:\/\/szentjozsef.org\/hu\/2021\/nem-kategorizalt\/boldog-karacsonyt-2021\/"},"wordCount":460,"commentCount":0,"publisher":{"@id":"https:\/\/szentjozsef.org\/hu\/#organization"},"image":{"@id":"https:\/\/szentjozsef.org\/hu\/2021\/nem-kategorizalt\/boldog-karacsonyt-2021\/#primaryimage"},"thumbnailUrl":"https:\/\/i0.wp.com\/szentjozsef.org\/wp-content\/uploads\/2021\/12\/pesebre-de-navidad1-portada.png?fit=736%2C736&ssl=1","articleSection":["Nem kategoriz\u00e1lt"],"inLanguage":"hu","potentialAction":[{"@type":"CommentAction","name":"Comment","target":["https:\/\/szentjozsef.org\/hu\/2021\/nem-kategorizalt\/boldog-karacsonyt-2021\/#respond"]}]},{"@type":"WebPage","@id":"https:\/\/szentjozsef.org\/hu\/2021\/nem-kategorizalt\/boldog-karacsonyt-2021\/","url":"https:\/\/szentjozsef.org\/hu\/2021\/nem-kategorizalt\/boldog-karacsonyt-2021\/","name":"Boldog Kar\u00e1csonyt 2021. - Szent J\u00f3zsef","isPartOf":{"@id":"https:\/\/szentjozsef.org\/hu\/#website"},"primaryImageOfPage":{"@id":"https:\/\/szentjozsef.org\/hu\/2021\/nem-kategorizalt\/boldog-karacsonyt-2021\/#primaryimage"},"image":{"@id":"https:\/\/szentjozsef.org\/hu\/2021\/nem-kategorizalt\/boldog-karacsonyt-2021\/#primaryimage"},"thumbnailUrl":"https:\/\/i0.wp.com\/szentjozsef.org\/wp-content\/uploads\/2021\/12\/pesebre-de-navidad1-portada.png?fit=736%2C736&ssl=1","datePublished":"2021-12-22T09:00:00+00:00","dateModified":"2023-08-22T02:44:53+00:00","description":"Boldog Kar\u00e1csonyt 2021. Ne csak a f\u00e1r\u00f3l, a csillog\u00e1sr\u00f3l vagy az aj\u00e1nd\u00e9kokr\u00f3l besz\u00e9lj\u00fcnk, hanem egym\u00e1s t\u00e1rsas\u00e1g\u00e1r\u00f3l is, mert ez a kar\u00e1csony jelent\u00e9se.","breadcrumb":{"@id":"https:\/\/szentjozsef.org\/hu\/2021\/nem-kategorizalt\/boldog-karacsonyt-2021\/#breadcrumb"},"inLanguage":"hu","potentialAction":[{"@type":"ReadAction","target":["https:\/\/szentjozsef.org\/hu\/2021\/nem-kategorizalt\/boldog-karacsonyt-2021\/"]}]},{"@type":"ImageObject","inLanguage":"hu","@id":"https:\/\/szentjozsef.org\/hu\/2021\/nem-kategorizalt\/boldog-karacsonyt-2021\/#primaryimage","url":"https:\/\/i0.wp.com\/szentjozsef.org\/wp-content\/uploads\/2021\/12\/pesebre-de-navidad1-portada.png?fit=736%2C736&ssl=1","contentUrl":"https:\/\/i0.wp.com\/szentjozsef.org\/wp-content\/uploads\/2021\/12\/pesebre-de-navidad1-portada.png?fit=736%2C736&ssl=1","width":736,"height":736},{"@type":"BreadcrumbList","@id":"https:\/\/szentjozsef.org\/hu\/2021\/nem-kategorizalt\/boldog-karacsonyt-2021\/#breadcrumb","itemListElement":[{"@type":"ListItem","position":1,"name":"F\u0151oldal","item":"https:\/\/szentjozsef.org\/hu\/"},{"@type":"ListItem","position":2,"name":"Boldog Kar\u00e1csonyt 2021."}]},{"@type":"WebSite","@id":"https:\/\/szentjozsef.org\/hu\/#website","url":"https:\/\/szentjozsef.org\/hu\/","name":"Szent J\u00f3zsef","description":"\u201cSAN JOSE HUNGAROS CATOLICOS DE ARGENTINA ASOCIACION CIVIL\u201d  \u2013 Szent J\u00f3zsef, argent\u00ednai katolikus magyar civil egyes\u00fclet \u2013","publisher":{"@id":"https:\/\/szentjozsef.org\/hu\/#organization"},"potentialAction":[{"@type":"SearchAction","target":{"@type":"EntryPoint","urlTemplate":"https:\/\/szentjozsef.org\/hu\/?s={search_term_string}"},"query-input":{"@type":"PropertyValueSpecification","valueRequired":true,"valueName":"search_term_string"}}],"inLanguage":"hu"},{"@type":"Organization","@id":"https:\/\/szentjozsef.org\/hu\/#organization","name":"Szent J\u00f3zsef \/ San Jos\u00e9","url":"https:\/\/szentjozsef.org\/hu\/","logo":{"@type":"ImageObject","inLanguage":"hu","@id":"https:\/\/szentjozsef.org\/hu\/#\/schema\/logo\/image\/","url":"https:\/\/i0.wp.com\/szentjozsef.org\/wp-content\/uploads\/2022\/01\/10-1.png?fit=500%2C500&ssl=1","contentUrl":"https:\/\/i0.wp.com\/szentjozsef.org\/wp-content\/uploads\/2022\/01\/10-1.png?fit=500%2C500&ssl=1","width":500,"height":500,"caption":"Szent J\u00f3zsef \/ San Jos\u00e9"},"image":{"@id":"https:\/\/szentjozsef.org\/hu\/#\/schema\/logo\/image\/"},"sameAs":["https:\/\/x.com\/SzentJozsef","https:\/\/www.youtube.com\/channel\/UCes8RN4qyFrTp80YfCedw7g"]},{"@type":"Person","@id":"https:\/\/szentjozsef.org\/hu\/#\/schema\/person\/c5103e9e15676796dc69c52ebbdc879a","name":"admin.szj","image":{"@type":"ImageObject","inLanguage":"hu","@id":"https:\/\/secure.gravatar.com\/avatar\/d1a8e06dabc46c0d35d1121ebb4f989346734903df2cacfc3b1f7e1efa61776d?s=96&d=mm&r=g","url":"https:\/\/secure.gravatar.com\/avatar\/d1a8e06dabc46c0d35d1121ebb4f989346734903df2cacfc3b1f7e1efa61776d?s=96&d=mm&r=g","contentUrl":"https:\/\/secure.gravatar.com\/avatar\/d1a8e06dabc46c0d35d1121ebb4f989346734903df2cacfc3b1f7e1efa61776d?s=96&d=mm&r=g","caption":"admin.szj"},"sameAs":["https:\/\/szentjozsef.org"],"url":"https:\/\/szentjozsef.org\/hu\/author\/admin-szj\/"}]}},"jetpack_featured_media_url":"https:\/\/i0.wp.com\/szentjozsef.org\/wp-content\/uploads\/2021\/12\/pesebre-de-navidad1-portada.png?fit=736%2C736&ssl=1","jetpack_sharing_enabled":true,"_links":{"self":[{"href":"https:\/\/szentjozsef.org\/hu\/wp-json\/wp\/v2\/posts\/384","targetHints":{"allow":["GET"]}}],"collection":[{"href":"https:\/\/szentjozsef.org\/hu\/wp-json\/wp\/v2\/posts"}],"about":[{"href":"https:\/\/szentjozsef.org\/hu\/wp-json\/wp\/v2\/types\/post"}],"author":[{"embeddable":true,"href":"https:\/\/szentjozsef.org\/hu\/wp-json\/wp\/v2\/users\/1"}],"replies":[{"embeddable":true,"href":"https:\/\/szentjozsef.org\/hu\/wp-json\/wp\/v2\/comments?post=384"}],"version-history":[{"count":1,"href":"https:\/\/szentjozsef.org\/hu\/wp-json\/wp\/v2\/posts\/384\/revisions"}],"predecessor-version":[{"id":385,"href":"https:\/\/szentjozsef.org\/hu\/wp-json\/wp\/v2\/posts\/384\/revisions\/385"}],"wp:featuredmedia":[{"embeddable":true,"href":"https:\/\/szentjozsef.org\/hu\/wp-json\/wp\/v2\/media\/353"}],"wp:attachment":[{"href":"https:\/\/szentjozsef.org\/hu\/wp-json\/wp\/v2\/media?parent=384"}],"wp:term":[{"taxonomy":"category","embeddable":true,"href":"https:\/\/szentjozsef.org\/hu\/wp-json\/wp\/v2\/categories?post=384"},{"taxonomy":"post_tag","embeddable":true,"href":"https:\/\/szentjozsef.org\/hu\/wp-json\/wp\/v2\/tags?post=384"}],"curies":[{"name":"wp","href":"https:\/\/api.w.org\/{rel}","templated":true}]}}