{"id":386,"date":"2021-12-19T10:47:00","date_gmt":"2021-12-19T10:47:00","guid":{"rendered":"https:\/\/szentjozsef.org\/2021\/12\/19\/nek-beszamolo\/"},"modified":"2023-08-22T02:56:03","modified_gmt":"2023-08-22T02:56:03","slug":"nek-beszamolo","status":"publish","type":"post","link":"https:\/\/szentjozsef.org\/hu\/2021\/nem-kategorizalt\/nek-beszamolo\/","title":{"rendered":"NEK besz\u00e1molo"},"content":{"rendered":"\n<p>Az al\u00e1bbiakban a &#8222;NEK besz\u00e1mol\u00f3&#8221; felk\u00e9r\u00e9s\u00e9re k\u00e9sz\u00fclt vide\u00f3t mutatjuk be, amely 2021. december 19-\u00e9n k\u00e9sz\u00fclt Buenos Airesben. Amelyben a 2021. szeptember 5. \u00e9s 12. k\u00f6z\u00f6tt Budapesten megrendezett <a href=\"https:\/\/www.iec2020.hu\/es\" target=\"_blank\" rel=\"noreferrer noopener\">52. Nemzetk\u00f6zi Eucharisztikus Kongresszus<\/a> argentin deleg\u00e1ci\u00f3j\u00e1nak r\u00e9sztvev\u0151i osztott\u00e1k meg egym\u00e1ssal tapasztalataikat \u00e9s reflekt\u00e1ltak az el\u0151tt\u00fcnk \u00e1ll\u00f3 f\u0151bb kih\u00edv\u00e1sokra.<\/p>\n\n<div class=\"wp-block-image\"><figure class=\"aligncenter size-full\"><img data-recalc-dims=\"1\" loading=\"lazy\" decoding=\"async\" width=\"466\" height=\"186\" src=\"https:\/\/i0.wp.com\/szentjozsef.org\/wp-content\/uploads\/2022\/02\/NEKlogo2021.png?resize=466%2C186&#038;ssl=1\" alt=\"NEK besz&#xE1;molo - 2021. december 19\" class=\"wp-image-64\" srcset=\"https:\/\/i0.wp.com\/szentjozsef.org\/wp-content\/uploads\/2022\/02\/NEKlogo2021.png?w=466&amp;ssl=1 466w, https:\/\/i0.wp.com\/szentjozsef.org\/wp-content\/uploads\/2022\/02\/NEKlogo2021.png?resize=300%2C120&amp;ssl=1 300w\" sizes=\"auto, (max-width: 466px) 100vw, 466px\" \/><\/figure><\/div>\n\n<p>Szembes\u00fclve azzal, hogy a NEK besz\u00e1mol\u00f3 rendezv\u00e9nyen nem lehet jelen lenni, Kasza Andr\u00e1s elk\u00fcldte az al\u00e1bbi felv\u00e9telt, amelyet most megosztunk. <\/p>\n\n<figure class=\"wp-block-embed is-type-video is-provider-youtube wp-block-embed-youtube wp-embed-aspect-16-9 wp-has-aspect-ratio\"><div class=\"wp-block-embed__wrapper\">\n<iframe loading=\"lazy\" title=\"NEK besz\u00e1molo es Kar\u00e1csonyi \u00fcdv\u00f6zlet Kasza Andr\u00e1stol.\" width=\"660\" height=\"371\" src=\"https:\/\/www.youtube.com\/embed\/c8w2SI2Naz8?feature=oembed\" frameborder=\"0\" allow=\"accelerometer; autoplay; clipboard-write; encrypted-media; gyroscope; picture-in-picture; web-share\" referrerpolicy=\"strict-origin-when-cross-origin\" allowfullscreen><\/iframe>\n<\/div><\/figure>\n\n<div style=\"height:31px\" aria-hidden=\"true\" class=\"wp-block-spacer\"><\/div>\n\n<p><\/p>\n\n<hr class=\"wp-block-separator aligncenter is-style-wide\"\/>\n\n<p>Megragadjuk az alkalmat, hogy \u00e9v v\u00e9gi \u00fcdv\u00f6zletet k\u00fcldj\u00fcnk partnereinknek, bar\u00e1tainknak \u00e9s \u00f6nk\u00e9nteseinknek. Egy\u00fctt alkotjuk a Szent J\u00f3zsef (San Jos\u00e9) egyes\u00fcletet. Mindenki seg\u00edts\u00e9ge, szeretete \u00e9s t\u00e1mogat\u00e1sa n\u00e9lk\u00fcl az \u00e1ltalunk javasolt munka nem lenne lehets\u00e9ges. K\u00d6SZ\u00d6NJ\u00dcK<\/p>\n","protected":false},"excerpt":{"rendered":"<p>Az al\u00e1bbiakban a &#8222;NEK besz\u00e1mol\u00f3&#8221; felk\u00e9r\u00e9s\u00e9re k\u00e9sz\u00fclt vide\u00f3t mutatjuk be, amely 2021. december 19-\u00e9n k\u00e9sz\u00fclt Buenos Airesben. Amelyben a 2021. szeptember 5. \u00e9s 12. k\u00f6z\u00f6tt Budapesten megrendezett 52. Nemzetk\u00f6zi Eucharisztikus&hellip;<\/p>\n","protected":false},"author":1,"featured_media":354,"comment_status":"open","ping_status":"open","sticky":false,"template":"","format":"standard","meta":{"_jetpack_memberships_contains_paid_content":false,"footnotes":""},"categories":[1],"tags":[],"class_list":["post-386","post","type-post","status-publish","format-standard","has-post-thumbnail","hentry","category-nem-kategorizalt"],"yoast_head":"<!-- This site is optimized with the Yoast SEO Premium plugin v21.3 (Yoast SEO v27.4) - https:\/\/yoast.com\/product\/yoast-seo-premium-wordpress\/ -->\n<title>NEK besz\u00e1molo - Szent J\u00f3zsef<\/title>\n<meta name=\"description\" content=\"Az al\u00e1bbiakban a &quot;NEK besz\u00e1mol\u00f3&quot; felk\u00e9r\u00e9s\u00e9re k\u00e9sz\u00fclt vide\u00f3t mutatjuk be, amely 2021. december 19-\u00e9n k\u00e9sz\u00fclt Buenos Airesben.\" \/>\n<meta name=\"robots\" content=\"index, follow, max-snippet:-1, max-image-preview:large, max-video-preview:-1\" \/>\n<link rel=\"canonical\" href=\"https:\/\/szentjozsef.org\/hu\/2021\/nem-kategorizalt\/nek-beszamolo\/\" \/>\n<meta property=\"og:locale\" content=\"hu_HU\" \/>\n<meta property=\"og:type\" content=\"article\" \/>\n<meta property=\"og:title\" content=\"NEK besz\u00e1molo\" \/>\n<meta property=\"og:description\" content=\"Az al\u00e1bbiakban a &quot;NEK besz\u00e1mol\u00f3&quot; felk\u00e9r\u00e9s\u00e9re k\u00e9sz\u00fclt vide\u00f3t mutatjuk be, amely 2021. december 19-\u00e9n k\u00e9sz\u00fclt Buenos Airesben.\" \/>\n<meta property=\"og:url\" content=\"https:\/\/szentjozsef.org\/hu\/2021\/nem-kategorizalt\/nek-beszamolo\/\" \/>\n<meta property=\"og:site_name\" content=\"Szent J\u00f3zsef\" \/>\n<meta property=\"article:published_time\" content=\"2021-12-19T10:47:00+00:00\" \/>\n<meta property=\"article:modified_time\" content=\"2023-08-22T02:56:03+00:00\" \/>\n<meta property=\"og:image\" content=\"https:\/\/szentjozsef.org\/wp-content\/uploads\/2021\/12\/IEC52logo.png\" \/>\n\t<meta property=\"og:image:width\" content=\"225\" \/>\n\t<meta property=\"og:image:height\" content=\"225\" \/>\n\t<meta property=\"og:image:type\" content=\"image\/png\" \/>\n<meta name=\"author\" content=\"admin.szj\" \/>\n<meta name=\"twitter:card\" content=\"summary_large_image\" \/>\n<meta name=\"twitter:creator\" content=\"@SzentJozsef\" \/>\n<meta name=\"twitter:site\" content=\"@SzentJozsef\" \/>\n<meta name=\"twitter:label1\" content=\"Szerz\u0151:\" \/>\n\t<meta name=\"twitter:data1\" content=\"admin.szj\" \/>\n\t<meta name=\"twitter:label2\" content=\"Becs\u00fclt olvas\u00e1si id\u0151\" \/>\n\t<meta name=\"twitter:data2\" content=\"1 perc\" \/>\n<script type=\"application\/ld+json\" class=\"yoast-schema-graph\">{\"@context\":\"https:\\\/\\\/schema.org\",\"@graph\":[{\"@type\":\"Article\",\"@id\":\"https:\\\/\\\/szentjozsef.org\\\/hu\\\/2021\\\/nem-kategorizalt\\\/nek-beszamolo\\\/#article\",\"isPartOf\":{\"@id\":\"https:\\\/\\\/szentjozsef.org\\\/hu\\\/2021\\\/nem-kategorizalt\\\/nek-beszamolo\\\/\"},\"author\":{\"name\":\"admin.szj\",\"@id\":\"https:\\\/\\\/szentjozsef.org\\\/hu\\\/#\\\/schema\\\/person\\\/c5103e9e15676796dc69c52ebbdc879a\"},\"headline\":\"NEK besz\u00e1molo\",\"datePublished\":\"2021-12-19T10:47:00+00:00\",\"dateModified\":\"2023-08-22T02:56:03+00:00\",\"mainEntityOfPage\":{\"@id\":\"https:\\\/\\\/szentjozsef.org\\\/hu\\\/2021\\\/nem-kategorizalt\\\/nek-beszamolo\\\/\"},\"wordCount\":157,\"commentCount\":0,\"publisher\":{\"@id\":\"https:\\\/\\\/szentjozsef.org\\\/hu\\\/#organization\"},\"image\":{\"@id\":\"https:\\\/\\\/szentjozsef.org\\\/hu\\\/2021\\\/nem-kategorizalt\\\/nek-beszamolo\\\/#primaryimage\"},\"thumbnailUrl\":\"https:\\\/\\\/i0.wp.com\\\/szentjozsef.org\\\/wp-content\\\/uploads\\\/2021\\\/12\\\/IEC52logo.png?fit=225%2C225&ssl=1\",\"articleSection\":[\"Nem kategoriz\u00e1lt\"],\"inLanguage\":\"hu\",\"potentialAction\":[{\"@type\":\"CommentAction\",\"name\":\"Comment\",\"target\":[\"https:\\\/\\\/szentjozsef.org\\\/hu\\\/2021\\\/nem-kategorizalt\\\/nek-beszamolo\\\/#respond\"]}]},{\"@type\":\"WebPage\",\"@id\":\"https:\\\/\\\/szentjozsef.org\\\/hu\\\/2021\\\/nem-kategorizalt\\\/nek-beszamolo\\\/\",\"url\":\"https:\\\/\\\/szentjozsef.org\\\/hu\\\/2021\\\/nem-kategorizalt\\\/nek-beszamolo\\\/\",\"name\":\"NEK besz\u00e1molo - Szent J\u00f3zsef\",\"isPartOf\":{\"@id\":\"https:\\\/\\\/szentjozsef.org\\\/hu\\\/#website\"},\"primaryImageOfPage\":{\"@id\":\"https:\\\/\\\/szentjozsef.org\\\/hu\\\/2021\\\/nem-kategorizalt\\\/nek-beszamolo\\\/#primaryimage\"},\"image\":{\"@id\":\"https:\\\/\\\/szentjozsef.org\\\/hu\\\/2021\\\/nem-kategorizalt\\\/nek-beszamolo\\\/#primaryimage\"},\"thumbnailUrl\":\"https:\\\/\\\/i0.wp.com\\\/szentjozsef.org\\\/wp-content\\\/uploads\\\/2021\\\/12\\\/IEC52logo.png?fit=225%2C225&ssl=1\",\"datePublished\":\"2021-12-19T10:47:00+00:00\",\"dateModified\":\"2023-08-22T02:56:03+00:00\",\"description\":\"Az al\u00e1bbiakban a \\\"NEK besz\u00e1mol\u00f3\\\" felk\u00e9r\u00e9s\u00e9re k\u00e9sz\u00fclt vide\u00f3t mutatjuk be, amely 2021. december 19-\u00e9n k\u00e9sz\u00fclt Buenos Airesben.\",\"breadcrumb\":{\"@id\":\"https:\\\/\\\/szentjozsef.org\\\/hu\\\/2021\\\/nem-kategorizalt\\\/nek-beszamolo\\\/#breadcrumb\"},\"inLanguage\":\"hu\",\"potentialAction\":[{\"@type\":\"ReadAction\",\"target\":[\"https:\\\/\\\/szentjozsef.org\\\/hu\\\/2021\\\/nem-kategorizalt\\\/nek-beszamolo\\\/\"]}]},{\"@type\":\"ImageObject\",\"inLanguage\":\"hu\",\"@id\":\"https:\\\/\\\/szentjozsef.org\\\/hu\\\/2021\\\/nem-kategorizalt\\\/nek-beszamolo\\\/#primaryimage\",\"url\":\"https:\\\/\\\/i0.wp.com\\\/szentjozsef.org\\\/wp-content\\\/uploads\\\/2021\\\/12\\\/IEC52logo.png?fit=225%2C225&ssl=1\",\"contentUrl\":\"https:\\\/\\\/i0.wp.com\\\/szentjozsef.org\\\/wp-content\\\/uploads\\\/2021\\\/12\\\/IEC52logo.png?fit=225%2C225&ssl=1\",\"width\":225,\"height\":225},{\"@type\":\"BreadcrumbList\",\"@id\":\"https:\\\/\\\/szentjozsef.org\\\/hu\\\/2021\\\/nem-kategorizalt\\\/nek-beszamolo\\\/#breadcrumb\",\"itemListElement\":[{\"@type\":\"ListItem\",\"position\":1,\"name\":\"F\u0151oldal\",\"item\":\"https:\\\/\\\/szentjozsef.org\\\/hu\\\/\"},{\"@type\":\"ListItem\",\"position\":2,\"name\":\"NEK besz\u00e1molo\"}]},{\"@type\":\"WebSite\",\"@id\":\"https:\\\/\\\/szentjozsef.org\\\/hu\\\/#website\",\"url\":\"https:\\\/\\\/szentjozsef.org\\\/hu\\\/\",\"name\":\"Szent J\u00f3zsef\",\"description\":\"\u201cSAN JOSE HUNGAROS CATOLICOS DE ARGENTINA ASOCIACION CIVIL\u201d  \u2013 Szent J\u00f3zsef, argent\u00ednai katolikus magyar civil egyes\u00fclet \u2013\",\"publisher\":{\"@id\":\"https:\\\/\\\/szentjozsef.org\\\/hu\\\/#organization\"},\"potentialAction\":[{\"@type\":\"SearchAction\",\"target\":{\"@type\":\"EntryPoint\",\"urlTemplate\":\"https:\\\/\\\/szentjozsef.org\\\/hu\\\/?s={search_term_string}\"},\"query-input\":{\"@type\":\"PropertyValueSpecification\",\"valueRequired\":true,\"valueName\":\"search_term_string\"}}],\"inLanguage\":\"hu\"},{\"@type\":\"Organization\",\"@id\":\"https:\\\/\\\/szentjozsef.org\\\/hu\\\/#organization\",\"name\":\"Szent J\u00f3zsef \\\/ San Jos\u00e9\",\"url\":\"https:\\\/\\\/szentjozsef.org\\\/hu\\\/\",\"logo\":{\"@type\":\"ImageObject\",\"inLanguage\":\"hu\",\"@id\":\"https:\\\/\\\/szentjozsef.org\\\/hu\\\/#\\\/schema\\\/logo\\\/image\\\/\",\"url\":\"https:\\\/\\\/i0.wp.com\\\/szentjozsef.org\\\/wp-content\\\/uploads\\\/2022\\\/01\\\/10-1.png?fit=500%2C500&ssl=1\",\"contentUrl\":\"https:\\\/\\\/i0.wp.com\\\/szentjozsef.org\\\/wp-content\\\/uploads\\\/2022\\\/01\\\/10-1.png?fit=500%2C500&ssl=1\",\"width\":500,\"height\":500,\"caption\":\"Szent J\u00f3zsef \\\/ San Jos\u00e9\"},\"image\":{\"@id\":\"https:\\\/\\\/szentjozsef.org\\\/hu\\\/#\\\/schema\\\/logo\\\/image\\\/\"},\"sameAs\":[\"https:\\\/\\\/x.com\\\/SzentJozsef\",\"https:\\\/\\\/www.youtube.com\\\/channel\\\/UCes8RN4qyFrTp80YfCedw7g\"]},{\"@type\":\"Person\",\"@id\":\"https:\\\/\\\/szentjozsef.org\\\/hu\\\/#\\\/schema\\\/person\\\/c5103e9e15676796dc69c52ebbdc879a\",\"name\":\"admin.szj\",\"image\":{\"@type\":\"ImageObject\",\"inLanguage\":\"hu\",\"@id\":\"https:\\\/\\\/secure.gravatar.com\\\/avatar\\\/d1a8e06dabc46c0d35d1121ebb4f989346734903df2cacfc3b1f7e1efa61776d?s=96&d=mm&r=g\",\"url\":\"https:\\\/\\\/secure.gravatar.com\\\/avatar\\\/d1a8e06dabc46c0d35d1121ebb4f989346734903df2cacfc3b1f7e1efa61776d?s=96&d=mm&r=g\",\"contentUrl\":\"https:\\\/\\\/secure.gravatar.com\\\/avatar\\\/d1a8e06dabc46c0d35d1121ebb4f989346734903df2cacfc3b1f7e1efa61776d?s=96&d=mm&r=g\",\"caption\":\"admin.szj\"},\"sameAs\":[\"https:\\\/\\\/szentjozsef.org\"],\"url\":\"https:\\\/\\\/szentjozsef.org\\\/hu\\\/author\\\/admin-szj\\\/\"}]}<\/script>\n<!-- \/ Yoast SEO Premium plugin. -->","yoast_head_json":{"title":"NEK besz\u00e1molo - Szent J\u00f3zsef","description":"Az al\u00e1bbiakban a \"NEK besz\u00e1mol\u00f3\" felk\u00e9r\u00e9s\u00e9re k\u00e9sz\u00fclt vide\u00f3t mutatjuk be, amely 2021. december 19-\u00e9n k\u00e9sz\u00fclt Buenos Airesben.","robots":{"index":"index","follow":"follow","max-snippet":"max-snippet:-1","max-image-preview":"max-image-preview:large","max-video-preview":"max-video-preview:-1"},"canonical":"https:\/\/szentjozsef.org\/hu\/2021\/nem-kategorizalt\/nek-beszamolo\/","og_locale":"hu_HU","og_type":"article","og_title":"NEK besz\u00e1molo","og_description":"Az al\u00e1bbiakban a \"NEK besz\u00e1mol\u00f3\" felk\u00e9r\u00e9s\u00e9re k\u00e9sz\u00fclt vide\u00f3t mutatjuk be, amely 2021. december 19-\u00e9n k\u00e9sz\u00fclt Buenos Airesben.","og_url":"https:\/\/szentjozsef.org\/hu\/2021\/nem-kategorizalt\/nek-beszamolo\/","og_site_name":"Szent J\u00f3zsef","article_published_time":"2021-12-19T10:47:00+00:00","article_modified_time":"2023-08-22T02:56:03+00:00","og_image":[{"width":225,"height":225,"url":"https:\/\/szentjozsef.org\/wp-content\/uploads\/2021\/12\/IEC52logo.png","type":"image\/png"}],"author":"admin.szj","twitter_card":"summary_large_image","twitter_creator":"@SzentJozsef","twitter_site":"@SzentJozsef","twitter_misc":{"Szerz\u0151:":"admin.szj","Becs\u00fclt olvas\u00e1si id\u0151":"1 perc"},"schema":{"@context":"https:\/\/schema.org","@graph":[{"@type":"Article","@id":"https:\/\/szentjozsef.org\/hu\/2021\/nem-kategorizalt\/nek-beszamolo\/#article","isPartOf":{"@id":"https:\/\/szentjozsef.org\/hu\/2021\/nem-kategorizalt\/nek-beszamolo\/"},"author":{"name":"admin.szj","@id":"https:\/\/szentjozsef.org\/hu\/#\/schema\/person\/c5103e9e15676796dc69c52ebbdc879a"},"headline":"NEK besz\u00e1molo","datePublished":"2021-12-19T10:47:00+00:00","dateModified":"2023-08-22T02:56:03+00:00","mainEntityOfPage":{"@id":"https:\/\/szentjozsef.org\/hu\/2021\/nem-kategorizalt\/nek-beszamolo\/"},"wordCount":157,"commentCount":0,"publisher":{"@id":"https:\/\/szentjozsef.org\/hu\/#organization"},"image":{"@id":"https:\/\/szentjozsef.org\/hu\/2021\/nem-kategorizalt\/nek-beszamolo\/#primaryimage"},"thumbnailUrl":"https:\/\/i0.wp.com\/szentjozsef.org\/wp-content\/uploads\/2021\/12\/IEC52logo.png?fit=225%2C225&ssl=1","articleSection":["Nem kategoriz\u00e1lt"],"inLanguage":"hu","potentialAction":[{"@type":"CommentAction","name":"Comment","target":["https:\/\/szentjozsef.org\/hu\/2021\/nem-kategorizalt\/nek-beszamolo\/#respond"]}]},{"@type":"WebPage","@id":"https:\/\/szentjozsef.org\/hu\/2021\/nem-kategorizalt\/nek-beszamolo\/","url":"https:\/\/szentjozsef.org\/hu\/2021\/nem-kategorizalt\/nek-beszamolo\/","name":"NEK besz\u00e1molo - Szent J\u00f3zsef","isPartOf":{"@id":"https:\/\/szentjozsef.org\/hu\/#website"},"primaryImageOfPage":{"@id":"https:\/\/szentjozsef.org\/hu\/2021\/nem-kategorizalt\/nek-beszamolo\/#primaryimage"},"image":{"@id":"https:\/\/szentjozsef.org\/hu\/2021\/nem-kategorizalt\/nek-beszamolo\/#primaryimage"},"thumbnailUrl":"https:\/\/i0.wp.com\/szentjozsef.org\/wp-content\/uploads\/2021\/12\/IEC52logo.png?fit=225%2C225&ssl=1","datePublished":"2021-12-19T10:47:00+00:00","dateModified":"2023-08-22T02:56:03+00:00","description":"Az al\u00e1bbiakban a \"NEK besz\u00e1mol\u00f3\" felk\u00e9r\u00e9s\u00e9re k\u00e9sz\u00fclt vide\u00f3t mutatjuk be, amely 2021. december 19-\u00e9n k\u00e9sz\u00fclt Buenos Airesben.","breadcrumb":{"@id":"https:\/\/szentjozsef.org\/hu\/2021\/nem-kategorizalt\/nek-beszamolo\/#breadcrumb"},"inLanguage":"hu","potentialAction":[{"@type":"ReadAction","target":["https:\/\/szentjozsef.org\/hu\/2021\/nem-kategorizalt\/nek-beszamolo\/"]}]},{"@type":"ImageObject","inLanguage":"hu","@id":"https:\/\/szentjozsef.org\/hu\/2021\/nem-kategorizalt\/nek-beszamolo\/#primaryimage","url":"https:\/\/i0.wp.com\/szentjozsef.org\/wp-content\/uploads\/2021\/12\/IEC52logo.png?fit=225%2C225&ssl=1","contentUrl":"https:\/\/i0.wp.com\/szentjozsef.org\/wp-content\/uploads\/2021\/12\/IEC52logo.png?fit=225%2C225&ssl=1","width":225,"height":225},{"@type":"BreadcrumbList","@id":"https:\/\/szentjozsef.org\/hu\/2021\/nem-kategorizalt\/nek-beszamolo\/#breadcrumb","itemListElement":[{"@type":"ListItem","position":1,"name":"F\u0151oldal","item":"https:\/\/szentjozsef.org\/hu\/"},{"@type":"ListItem","position":2,"name":"NEK besz\u00e1molo"}]},{"@type":"WebSite","@id":"https:\/\/szentjozsef.org\/hu\/#website","url":"https:\/\/szentjozsef.org\/hu\/","name":"Szent J\u00f3zsef","description":"\u201cSAN JOSE HUNGAROS CATOLICOS DE ARGENTINA ASOCIACION CIVIL\u201d  \u2013 Szent J\u00f3zsef, argent\u00ednai katolikus magyar civil egyes\u00fclet \u2013","publisher":{"@id":"https:\/\/szentjozsef.org\/hu\/#organization"},"potentialAction":[{"@type":"SearchAction","target":{"@type":"EntryPoint","urlTemplate":"https:\/\/szentjozsef.org\/hu\/?s={search_term_string}"},"query-input":{"@type":"PropertyValueSpecification","valueRequired":true,"valueName":"search_term_string"}}],"inLanguage":"hu"},{"@type":"Organization","@id":"https:\/\/szentjozsef.org\/hu\/#organization","name":"Szent J\u00f3zsef \/ San Jos\u00e9","url":"https:\/\/szentjozsef.org\/hu\/","logo":{"@type":"ImageObject","inLanguage":"hu","@id":"https:\/\/szentjozsef.org\/hu\/#\/schema\/logo\/image\/","url":"https:\/\/i0.wp.com\/szentjozsef.org\/wp-content\/uploads\/2022\/01\/10-1.png?fit=500%2C500&ssl=1","contentUrl":"https:\/\/i0.wp.com\/szentjozsef.org\/wp-content\/uploads\/2022\/01\/10-1.png?fit=500%2C500&ssl=1","width":500,"height":500,"caption":"Szent J\u00f3zsef \/ San Jos\u00e9"},"image":{"@id":"https:\/\/szentjozsef.org\/hu\/#\/schema\/logo\/image\/"},"sameAs":["https:\/\/x.com\/SzentJozsef","https:\/\/www.youtube.com\/channel\/UCes8RN4qyFrTp80YfCedw7g"]},{"@type":"Person","@id":"https:\/\/szentjozsef.org\/hu\/#\/schema\/person\/c5103e9e15676796dc69c52ebbdc879a","name":"admin.szj","image":{"@type":"ImageObject","inLanguage":"hu","@id":"https:\/\/secure.gravatar.com\/avatar\/d1a8e06dabc46c0d35d1121ebb4f989346734903df2cacfc3b1f7e1efa61776d?s=96&d=mm&r=g","url":"https:\/\/secure.gravatar.com\/avatar\/d1a8e06dabc46c0d35d1121ebb4f989346734903df2cacfc3b1f7e1efa61776d?s=96&d=mm&r=g","contentUrl":"https:\/\/secure.gravatar.com\/avatar\/d1a8e06dabc46c0d35d1121ebb4f989346734903df2cacfc3b1f7e1efa61776d?s=96&d=mm&r=g","caption":"admin.szj"},"sameAs":["https:\/\/szentjozsef.org"],"url":"https:\/\/szentjozsef.org\/hu\/author\/admin-szj\/"}]}},"jetpack_featured_media_url":"https:\/\/i0.wp.com\/szentjozsef.org\/wp-content\/uploads\/2021\/12\/IEC52logo.png?fit=225%2C225&ssl=1","jetpack_sharing_enabled":true,"_links":{"self":[{"href":"https:\/\/szentjozsef.org\/hu\/wp-json\/wp\/v2\/posts\/386","targetHints":{"allow":["GET"]}}],"collection":[{"href":"https:\/\/szentjozsef.org\/hu\/wp-json\/wp\/v2\/posts"}],"about":[{"href":"https:\/\/szentjozsef.org\/hu\/wp-json\/wp\/v2\/types\/post"}],"author":[{"embeddable":true,"href":"https:\/\/szentjozsef.org\/hu\/wp-json\/wp\/v2\/users\/1"}],"replies":[{"embeddable":true,"href":"https:\/\/szentjozsef.org\/hu\/wp-json\/wp\/v2\/comments?post=386"}],"version-history":[{"count":1,"href":"https:\/\/szentjozsef.org\/hu\/wp-json\/wp\/v2\/posts\/386\/revisions"}],"predecessor-version":[{"id":387,"href":"https:\/\/szentjozsef.org\/hu\/wp-json\/wp\/v2\/posts\/386\/revisions\/387"}],"wp:featuredmedia":[{"embeddable":true,"href":"https:\/\/szentjozsef.org\/hu\/wp-json\/wp\/v2\/media\/354"}],"wp:attachment":[{"href":"https:\/\/szentjozsef.org\/hu\/wp-json\/wp\/v2\/media?parent=386"}],"wp:term":[{"taxonomy":"category","embeddable":true,"href":"https:\/\/szentjozsef.org\/hu\/wp-json\/wp\/v2\/categories?post=386"},{"taxonomy":"post_tag","embeddable":true,"href":"https:\/\/szentjozsef.org\/hu\/wp-json\/wp\/v2\/tags?post=386"}],"curies":[{"name":"wp","href":"https:\/\/api.w.org\/{rel}","templated":true}]}}