{"id":399,"date":"2023-08-23T13:29:51","date_gmt":"2023-08-23T13:29:51","guid":{"rendered":"https:\/\/szentjozsef.org\/2023\/08\/23\/2023-08-23-i-korlevel-sajgo-szabolcs-sj-atya-argentinai-kuldetese\/"},"modified":"2023-09-05T15:29:10","modified_gmt":"2023-09-05T15:29:10","slug":"2023-08-23-i-korlevel-sajgo-szabolcs-sj-atya-argentinai-kuldetese","status":"publish","type":"post","link":"https:\/\/szentjozsef.org\/hu\/2023\/korlevel\/2023-08-23-i-korlevel-sajgo-szabolcs-sj-atya-argentinai-kuldetese\/","title":{"rendered":"2023.08.23-i k\u00f6rlev\u00e9l: Sajg\u00f3 Szabolcs SJ atya Argent\u00ednai k\u00fcldet\u00e9se."},"content":{"rendered":"<div class=\"wp-block-image\">\n<figure class=\"aligncenter size-medium\"><img data-recalc-dims=\"1\" loading=\"lazy\" decoding=\"async\" width=\"300\" height=\"300\" src=\"https:\/\/i0.wp.com\/szentjozsef.org\/wp-content\/uploads\/2022\/01\/10-1.png?resize=300%2C300&#038;ssl=1\" alt=\"Szent J&#xF3;zsef \/ San Jos&#xE9;\" class=\"wp-image-15\" srcset=\"https:\/\/i0.wp.com\/szentjozsef.org\/wp-content\/uploads\/2022\/01\/10-1.png?resize=300%2C300&amp;ssl=1 300w, https:\/\/i0.wp.com\/szentjozsef.org\/wp-content\/uploads\/2022\/01\/10-1.png?resize=150%2C150&amp;ssl=1 150w, https:\/\/i0.wp.com\/szentjozsef.org\/wp-content\/uploads\/2022\/01\/10-1.png?w=500&amp;ssl=1 500w\" sizes=\"auto, (max-width: 300px) 100vw, 300px\" \/><\/figure>\n<\/div>\n<p><strong>Tisztelt Magyar Egyes\u00fcletek vezet\u0151i,<\/strong><br\/><strong>Cserk\u00e9sz vezet\u0151k,<br\/>Magyar Tiszteletbeli konzulok,<br\/>kedves Honfit\u00e1rsaink, bar\u00e1taink!<\/strong><\/p>\n\n<p>Lelkesen folytatjuk 2023-as \u00e9v terveit. Az els\u0151 orsz\u00e1gos terv\u00fcnk, 2023 janu\u00e1rban <a href=\"https:\/\/www.esztergomi-ersekseg.hu\/papsag\/barany-bela\" target=\"_blank\" rel=\"noreferrer noopener nofollow\">B\u00e1r\u00e1ny B\u00e9la<\/a> atya argent\u00ednai misszi\u00f3s \u00fatj\u00e1nak megszervez\u00e9se elv\u00e1r\u00e1sokon fel\u00fcli sikerekkel telt. Most pedig k\u00e9sz\u00fcl\u00fcnk ez \u00e9v m\u00e1sodik orsz\u00e1gos misszi\u00f3s utunkra, ism\u00e9t az MKPK Diaszp\u00f3ra irod\u00e1ja t\u00e1mogat\u00e1s\u00e1val \u00e9s nem utols\u00f3 sorban Erd\u0151 P\u00e9ter b\u00edboros atya aj\u00e1nl\u00e1s\u00e1val \u00e9s \u00e1ld\u00e1s\u00e1val.<\/p>\n\n<div class=\"wp-block-columns is-layout-flex wp-container-core-columns-is-layout-9d6595d7 wp-block-columns-is-layout-flex\">\n<div class=\"wp-block-column is-layout-flow wp-block-column-is-layout-flow\" style=\"flex-basis:66.66%\">\n<p><a href=\"https:\/\/jezsuita.hu\/arckepcsarnok\/sajgo-szabolcs\" target=\"_blank\" rel=\"noreferrer noopener\">Sajg\u00f3 Szabolcs SJ<\/a> atya \u00e9rkezik Buenos Airesbe 2023. okt\u00f3ber 28-\u00e1n \u00e9s terveink szerint majd 10.000 kilom\u00e9ter utat tesz meg vel\u00fcnk, bej\u00e1rva t\u00f6bb megye k\u00f6z\u00f6ss\u00e9geit \u00e9s csal\u00e1djait Argent\u00edna \u00e9szaki, nyugati \u00e9s d\u00e9li ter\u00fcletein. Majd december 4.\u00e9n indul vissza Budapestre.<\/p>\n<\/div>\n\n\n\n<div class=\"wp-block-column is-layout-flow wp-block-column-is-layout-flow\" style=\"flex-basis:33.33%\"><div class=\"wp-block-image is-style-rounded\">\n<figure class=\"aligncenter size-full\"><img data-recalc-dims=\"1\" decoding=\"async\" src=\"https:\/\/i0.wp.com\/szentjozsef.org\/wp-content\/uploads\/2023\/08\/Sajgo_Szabolcs_1-225x300-1.jpg?w=660&#038;ssl=1\" alt=\"K&#xE9;p: Sajg&#xF3; Szabolcs\" class=\"wp-image-405\"\/><\/figure>\n<\/div><\/div>\n<\/div>\n\n<h2 class=\"wp-block-heading\">Megh\u00edv\u00e1s<\/h2>\n\n<p>Erre szeretettel v\u00e1rjuk jelentkez\u00e9seteket, hogy milyen m\u00f3don tud az Atya a k\u00f6z\u00f6ss\u00e9geitekben vagy csal\u00e1djaitokban lelki t\u00e1mogat\u00e1st ny\u00fajtani. Szok\u00e1s szerint lehet\u0151s\u00e9getek lenne felk\u00e9rni Szabolcs aty\u00e1t szentmise bemutat\u00e1s\u00e1ra, keresztel\u00e9sekre, els\u0151\u00e1ldoz\u00e1sokra, gy\u00f3n\u00e1sra, illetve hittan jelleg\u0171 besz\u00e9lget\u00e9sekre, elm\u00e9lked\u00e9sekre az \u00e1ltalatok kiv\u00e1lasztott t\u00e9mak\u00f6rben. Ak\u00e1r egy r\u00f6vid, p\u00e1r napos lelkigyakorlatot is sz\u00edvesen seg\u00edt\u00fcnk megszervezni.<\/p>\n\n<ol class=\"wp-block-list\">\n<li>A hittan jelleg\u0171 besz\u00e9lget\u00e9sekn\u00e9l, illetve lelkigyakorlat eset\u00e9n fontos volna el\u0151re tudni a <strong>koroszt\u00e1lyt<\/strong>.<\/li>\n\n\n\n<li><strong>Els\u0151\u00e1ldoz\u00e1s kapcs\u00e1n<\/strong> mindenk\u00e9ppen sz\u00fcks\u00e9ges a felk\u00e9sz\u00edt\u00e9s (ez jelentheti a kor\u00e1bbi \u00e9vek hittan\u00f3r\u00e1it, az atya legfeljebb elm\u00e9ly\u00edteni \u00e9s \u00f6sszegezni tudn\u00e1 azok r\u00e9sz\u00e9re, akik rendszeresen j\u00e1rtak katek\u00e9zisre, ut\u00e1na pedig szentmise keret\u00e9ben megt\u00f6rt\u00e9nhet az els\u0151\u00e1ldoz\u00e1s).<\/li>\n\n\n\n<li>Szervezhet\u00fcnk egy <strong>\u00f6kumenikus vall\u00e1si tal\u00e1lkoz\u00f3t<\/strong> is: megh\u00edvhatn\u00e1nk m\u00e1s vall\u00e1s\u00fa felekezetek (reform\u00e1tus, evang\u00e9likus, stb.) lelk\u00e9szeit \u00e9s h\u00edveit is erre, ahol k\u00f6z\u00f6sen im\u00e1dkozn\u00e1nk a kereszt\u00e9nyek egys\u00e9g\u00e9\u00e9rt egy sz\u00e9pen \u00f6ssze\u00e1ll\u00edtott igeliturgia (nem szentmise) keret\u00e9ben.<\/li>\n<\/ol>\n\n<p>A magyar nyelvi neh\u00e9zs\u00e9geket figyelembe v\u00e9ve k\u00eds\u00e9rj\u00fck Aty\u00e1nak az \u00fatj\u00e1t \u00e9s seg\u00edt\u00fcnk a tolm\u00e1csol\u00e1sban.<\/p>\n\n<h2 class=\"wp-block-heading\">Utaz\u00e1si program<\/h2>\n\n<p>A misszi\u00f3s k\u00f6r\u00fat els\u0151 \u00e9s egyben indul\u00f3 v\u00e1rosa Buenos Aires. Ezt k\u00f6vet\u0151en Misiones, majd Chaco, Tucum\u00e1n, Mendoza, ut\u00e1na San Martin de los Andes \u00e9s Bariloche, \u00e9s v\u00e9g\u00fcl vissza Buenos Aires fel\u00e9, Neuqu\u00e9n \u00e9s Mar del Plata lesznek a c\u00e9lv\u00e1rosok. Egy h\u00e9ten bel\u00fcl megk\u00fcldj\u00fck mindenki r\u00e9sz\u00e9re a pontos napokat, melyek alatt a nevezett v\u00e1rosokban tart\u00f3zkodunk az aty\u00e1val. Ezen napokon bel\u00fcl jelezz\u00e9tek majd, mely id\u0151pont lenne megfelel\u0151 sz\u00e1motokra, illetve, hogy mire szeretn\u00e9tek felk\u00e9rni Szabolcs aty\u00e1t.<\/p>\n\n<h2 class=\"wp-block-heading\">Hogyan l\u00e9phet kapcsolatba vel\u00fcnk<\/h2>\n\n<p>K\u00e9rj\u00fck jelezzetek vissza szeptember 15-e el\u0151tt a k\u00f6vetkez\u0151 c\u00edmekre:<\/p>\n\n<ul class=\"wp-block-list\" type=\"1\">\n<li>Mail: <a href=\"mailto:esteban.kasza@szentjozsef.org\">esteban.kasza@szentjozsef.org<\/a><\/li>\n\n\n\n<li>WhatsApp: +54 9 11 5953 8696 (Esteban)<\/li>\n<\/ul>\n\n<hr class=\"wp-block-separator has-alpha-channel-opacity\"\/>\n\n<h4 class=\"wp-block-heading\">K\u00f6rlev\u00e9l PDF form\u00e1tumban let\u00f6lthet\u0151.<\/h4>\n\n<div data-wp-interactive=\"core\/file\" class=\"wp-block-file\"><object data-wp-bind--hidden=\"!state.hasPdfPreview\" hidden class=\"wp-block-file__embed\" data=\"https:\/\/szentjozsef.org\/wp-content\/uploads\/2023\/08\/2023-10-Sajgo-Szabolcs-felhivas-2023-oktober-december-HUN-ESP-03-1.pdf\" type=\"application\/pdf\" style=\"width:100%;height:600px\" aria-label=\"2023-10-Sajgo-Szabolcs-felhivas-2023-oktober-december-HUN-ESP-03-1 be\u00e1gyaz\u00e1sa\"><\/object><a id=\"wp-block-file--media-3c6efe19-7875-4c11-85da-3ecbd9e21ae0\" href=\"https:\/\/szentjozsef.org\/wp-content\/uploads\/2023\/08\/2023-10-Sajgo-Szabolcs-felhivas-2023-oktober-december-HUN-ESP-03-1.pdf\">2023-10-Sajgo-Szabolcs-felhivas-2023-oktober-december-HUN-ESP-03-1<\/a><a href=\"https:\/\/szentjozsef.org\/wp-content\/uploads\/2023\/08\/2023-10-Sajgo-Szabolcs-felhivas-2023-oktober-december-HUN-ESP-03-1.pdf\" class=\"wp-block-file__button wp-element-button\" download=\"\" aria-describedby=\"wp-block-file--media-3c6efe19-7875-4c11-85da-3ecbd9e21ae0\">Let\u00f6lt\u00e9s<\/a><\/div>\n","protected":false},"excerpt":{"rendered":"<p>Tisztelt Magyar Egyes\u00fcletek vezet\u0151i,Cserk\u00e9sz vezet\u0151k,Magyar Tiszteletbeli konzulok,kedves Honfit\u00e1rsaink, bar\u00e1taink! Lelkesen folytatjuk 2023-as \u00e9v terveit. Az els\u0151 orsz\u00e1gos terv\u00fcnk, 2023 janu\u00e1rban B\u00e1r\u00e1ny B\u00e9la atya argent\u00ednai misszi\u00f3s \u00fatj\u00e1nak megszervez\u00e9se elv\u00e1r\u00e1sokon fel\u00fcli sikerekkel&hellip;<\/p>\n","protected":false},"author":1,"featured_media":406,"comment_status":"open","ping_status":"open","sticky":false,"template":"","format":"standard","meta":{"_jetpack_memberships_contains_paid_content":false,"footnotes":""},"categories":[15],"tags":[17],"class_list":["post-399","post","type-post","status-publish","format-standard","has-post-thumbnail","hentry","category-korlevel","tag-sajgo-szabolcs-hu"],"yoast_head":"<!-- This site is optimized with the Yoast SEO Premium plugin v21.3 (Yoast SEO v27.4) - https:\/\/yoast.com\/product\/yoast-seo-premium-wordpress\/ -->\n<title>2023.08.23-i k\u00f6rlev\u00e9l: Sajg\u00f3 Szabolcs SJ atya Argent\u00ednai k\u00fcldet\u00e9se.<\/title>\n<meta name=\"description\" content=\"Sajg\u00f3 Szabolcs SJ atya 2023-as k\u00fcldet\u00e9se Argent\u00edn\u00e1ban. K\u00f6rlev\u00e9l az argentin magyar k\u00f6z\u00f6ss\u00e9geknek, hogy megh\u00edvj\u00e1k \u0151ket a r\u00e9szv\u00e9telre.\" \/>\n<meta name=\"robots\" content=\"index, follow, max-snippet:-1, max-image-preview:large, max-video-preview:-1\" \/>\n<link rel=\"canonical\" href=\"https:\/\/szentjozsef.org\/hu\/2023\/korlevel\/2023-08-23-i-korlevel-sajgo-szabolcs-sj-atya-argentinai-kuldetese\/\" \/>\n<meta property=\"og:locale\" content=\"hu_HU\" \/>\n<meta property=\"og:type\" content=\"article\" \/>\n<meta property=\"og:title\" content=\"2023.08.23-i k\u00f6rlev\u00e9l: Sajg\u00f3 Szabolcs SJ atya Argent\u00ednai k\u00fcldet\u00e9se.\" \/>\n<meta property=\"og:description\" content=\"Sajg\u00f3 Szabolcs SJ atya 2023-as k\u00fcldet\u00e9se Argent\u00edn\u00e1ban. K\u00f6rlev\u00e9l az argentin magyar k\u00f6z\u00f6ss\u00e9geknek, hogy megh\u00edvj\u00e1k \u0151ket a r\u00e9szv\u00e9telre.\" \/>\n<meta property=\"og:url\" content=\"https:\/\/szentjozsef.org\/hu\/2023\/korlevel\/2023-08-23-i-korlevel-sajgo-szabolcs-sj-atya-argentinai-kuldetese\/\" \/>\n<meta property=\"og:site_name\" content=\"Szent J\u00f3zsef\" \/>\n<meta property=\"article:published_time\" content=\"2023-08-23T13:29:51+00:00\" \/>\n<meta property=\"article:modified_time\" content=\"2023-09-05T15:29:10+00:00\" \/>\n<meta property=\"og:image\" content=\"https:\/\/szentjozsef.org\/wp-content\/uploads\/2023\/08\/Sajgo_Szabolcs_1-225x300-1-e1692979244544.jpg\" \/>\n\t<meta property=\"og:image:width\" content=\"225\" \/>\n\t<meta property=\"og:image:height\" content=\"300\" \/>\n\t<meta property=\"og:image:type\" content=\"image\/jpeg\" \/>\n<meta name=\"author\" content=\"admin.szj\" \/>\n<meta name=\"twitter:card\" content=\"summary_large_image\" \/>\n<meta name=\"twitter:creator\" content=\"@SzentJozsef\" \/>\n<meta name=\"twitter:site\" content=\"@SzentJozsef\" \/>\n<meta name=\"twitter:label1\" content=\"Szerz\u0151:\" \/>\n\t<meta name=\"twitter:data1\" content=\"admin.szj\" \/>\n\t<meta name=\"twitter:label2\" content=\"Becs\u00fclt olvas\u00e1si id\u0151\" \/>\n\t<meta name=\"twitter:data2\" content=\"3 perc\" \/>\n<script type=\"application\/ld+json\" class=\"yoast-schema-graph\">{\"@context\":\"https:\\\/\\\/schema.org\",\"@graph\":[{\"@type\":\"Article\",\"@id\":\"https:\\\/\\\/szentjozsef.org\\\/hu\\\/2023\\\/korlevel\\\/2023-08-23-i-korlevel-sajgo-szabolcs-sj-atya-argentinai-kuldetese\\\/#article\",\"isPartOf\":{\"@id\":\"https:\\\/\\\/szentjozsef.org\\\/hu\\\/2023\\\/korlevel\\\/2023-08-23-i-korlevel-sajgo-szabolcs-sj-atya-argentinai-kuldetese\\\/\"},\"author\":{\"name\":\"admin.szj\",\"@id\":\"https:\\\/\\\/szentjozsef.org\\\/hu\\\/#\\\/schema\\\/person\\\/c5103e9e15676796dc69c52ebbdc879a\"},\"headline\":\"2023.08.23-i k\u00f6rlev\u00e9l: Sajg\u00f3 Szabolcs SJ atya Argent\u00ednai k\u00fcldet\u00e9se.\",\"datePublished\":\"2023-08-23T13:29:51+00:00\",\"dateModified\":\"2023-09-05T15:29:10+00:00\",\"mainEntityOfPage\":{\"@id\":\"https:\\\/\\\/szentjozsef.org\\\/hu\\\/2023\\\/korlevel\\\/2023-08-23-i-korlevel-sajgo-szabolcs-sj-atya-argentinai-kuldetese\\\/\"},\"wordCount\":547,\"commentCount\":0,\"publisher\":{\"@id\":\"https:\\\/\\\/szentjozsef.org\\\/hu\\\/#organization\"},\"image\":{\"@id\":\"https:\\\/\\\/szentjozsef.org\\\/hu\\\/2023\\\/korlevel\\\/2023-08-23-i-korlevel-sajgo-szabolcs-sj-atya-argentinai-kuldetese\\\/#primaryimage\"},\"thumbnailUrl\":\"https:\\\/\\\/i0.wp.com\\\/szentjozsef.org\\\/wp-content\\\/uploads\\\/2023\\\/08\\\/Sajgo_Szabolcs_1-225x300-1-e1692979244544.jpg?fit=225%2C300&ssl=1\",\"keywords\":[\"Sajg\u00f3 Szabolcs\"],\"articleSection\":[\"K\u00f6rlev\u00e9l\"],\"inLanguage\":\"hu\",\"potentialAction\":[{\"@type\":\"CommentAction\",\"name\":\"Comment\",\"target\":[\"https:\\\/\\\/szentjozsef.org\\\/hu\\\/2023\\\/korlevel\\\/2023-08-23-i-korlevel-sajgo-szabolcs-sj-atya-argentinai-kuldetese\\\/#respond\"]}]},{\"@type\":\"WebPage\",\"@id\":\"https:\\\/\\\/szentjozsef.org\\\/hu\\\/2023\\\/korlevel\\\/2023-08-23-i-korlevel-sajgo-szabolcs-sj-atya-argentinai-kuldetese\\\/\",\"url\":\"https:\\\/\\\/szentjozsef.org\\\/hu\\\/2023\\\/korlevel\\\/2023-08-23-i-korlevel-sajgo-szabolcs-sj-atya-argentinai-kuldetese\\\/\",\"name\":\"2023.08.23-i k\u00f6rlev\u00e9l: Sajg\u00f3 Szabolcs SJ atya Argent\u00ednai k\u00fcldet\u00e9se.\",\"isPartOf\":{\"@id\":\"https:\\\/\\\/szentjozsef.org\\\/hu\\\/#website\"},\"primaryImageOfPage\":{\"@id\":\"https:\\\/\\\/szentjozsef.org\\\/hu\\\/2023\\\/korlevel\\\/2023-08-23-i-korlevel-sajgo-szabolcs-sj-atya-argentinai-kuldetese\\\/#primaryimage\"},\"image\":{\"@id\":\"https:\\\/\\\/szentjozsef.org\\\/hu\\\/2023\\\/korlevel\\\/2023-08-23-i-korlevel-sajgo-szabolcs-sj-atya-argentinai-kuldetese\\\/#primaryimage\"},\"thumbnailUrl\":\"https:\\\/\\\/i0.wp.com\\\/szentjozsef.org\\\/wp-content\\\/uploads\\\/2023\\\/08\\\/Sajgo_Szabolcs_1-225x300-1-e1692979244544.jpg?fit=225%2C300&ssl=1\",\"datePublished\":\"2023-08-23T13:29:51+00:00\",\"dateModified\":\"2023-09-05T15:29:10+00:00\",\"description\":\"Sajg\u00f3 Szabolcs SJ atya 2023-as k\u00fcldet\u00e9se Argent\u00edn\u00e1ban. K\u00f6rlev\u00e9l az argentin magyar k\u00f6z\u00f6ss\u00e9geknek, hogy megh\u00edvj\u00e1k \u0151ket a r\u00e9szv\u00e9telre.\",\"breadcrumb\":{\"@id\":\"https:\\\/\\\/szentjozsef.org\\\/hu\\\/2023\\\/korlevel\\\/2023-08-23-i-korlevel-sajgo-szabolcs-sj-atya-argentinai-kuldetese\\\/#breadcrumb\"},\"inLanguage\":\"hu\",\"potentialAction\":[{\"@type\":\"ReadAction\",\"target\":[\"https:\\\/\\\/szentjozsef.org\\\/hu\\\/2023\\\/korlevel\\\/2023-08-23-i-korlevel-sajgo-szabolcs-sj-atya-argentinai-kuldetese\\\/\"]}]},{\"@type\":\"ImageObject\",\"inLanguage\":\"hu\",\"@id\":\"https:\\\/\\\/szentjozsef.org\\\/hu\\\/2023\\\/korlevel\\\/2023-08-23-i-korlevel-sajgo-szabolcs-sj-atya-argentinai-kuldetese\\\/#primaryimage\",\"url\":\"https:\\\/\\\/i0.wp.com\\\/szentjozsef.org\\\/wp-content\\\/uploads\\\/2023\\\/08\\\/Sajgo_Szabolcs_1-225x300-1-e1692979244544.jpg?fit=225%2C300&ssl=1\",\"contentUrl\":\"https:\\\/\\\/i0.wp.com\\\/szentjozsef.org\\\/wp-content\\\/uploads\\\/2023\\\/08\\\/Sajgo_Szabolcs_1-225x300-1-e1692979244544.jpg?fit=225%2C300&ssl=1\",\"width\":225,\"height\":300,\"caption\":\"Imagen de Sajg\u00f3 Szabolcs\"},{\"@type\":\"BreadcrumbList\",\"@id\":\"https:\\\/\\\/szentjozsef.org\\\/hu\\\/2023\\\/korlevel\\\/2023-08-23-i-korlevel-sajgo-szabolcs-sj-atya-argentinai-kuldetese\\\/#breadcrumb\",\"itemListElement\":[{\"@type\":\"ListItem\",\"position\":1,\"name\":\"F\u0151oldal\",\"item\":\"https:\\\/\\\/szentjozsef.org\\\/hu\\\/\"},{\"@type\":\"ListItem\",\"position\":2,\"name\":\"2023.08.23-i k\u00f6rlev\u00e9l: Sajg\u00f3 Szabolcs SJ atya Argent\u00ednai k\u00fcldet\u00e9se.\"}]},{\"@type\":\"WebSite\",\"@id\":\"https:\\\/\\\/szentjozsef.org\\\/hu\\\/#website\",\"url\":\"https:\\\/\\\/szentjozsef.org\\\/hu\\\/\",\"name\":\"Szent J\u00f3zsef\",\"description\":\"\u201cSAN JOSE HUNGAROS CATOLICOS DE ARGENTINA ASOCIACION CIVIL\u201d  \u2013 Szent J\u00f3zsef, argent\u00ednai katolikus magyar civil egyes\u00fclet \u2013\",\"publisher\":{\"@id\":\"https:\\\/\\\/szentjozsef.org\\\/hu\\\/#organization\"},\"potentialAction\":[{\"@type\":\"SearchAction\",\"target\":{\"@type\":\"EntryPoint\",\"urlTemplate\":\"https:\\\/\\\/szentjozsef.org\\\/hu\\\/?s={search_term_string}\"},\"query-input\":{\"@type\":\"PropertyValueSpecification\",\"valueRequired\":true,\"valueName\":\"search_term_string\"}}],\"inLanguage\":\"hu\"},{\"@type\":\"Organization\",\"@id\":\"https:\\\/\\\/szentjozsef.org\\\/hu\\\/#organization\",\"name\":\"Szent J\u00f3zsef \\\/ San Jos\u00e9\",\"url\":\"https:\\\/\\\/szentjozsef.org\\\/hu\\\/\",\"logo\":{\"@type\":\"ImageObject\",\"inLanguage\":\"hu\",\"@id\":\"https:\\\/\\\/szentjozsef.org\\\/hu\\\/#\\\/schema\\\/logo\\\/image\\\/\",\"url\":\"https:\\\/\\\/i0.wp.com\\\/szentjozsef.org\\\/wp-content\\\/uploads\\\/2022\\\/01\\\/10-1.png?fit=500%2C500&ssl=1\",\"contentUrl\":\"https:\\\/\\\/i0.wp.com\\\/szentjozsef.org\\\/wp-content\\\/uploads\\\/2022\\\/01\\\/10-1.png?fit=500%2C500&ssl=1\",\"width\":500,\"height\":500,\"caption\":\"Szent J\u00f3zsef \\\/ San Jos\u00e9\"},\"image\":{\"@id\":\"https:\\\/\\\/szentjozsef.org\\\/hu\\\/#\\\/schema\\\/logo\\\/image\\\/\"},\"sameAs\":[\"https:\\\/\\\/x.com\\\/SzentJozsef\",\"https:\\\/\\\/www.youtube.com\\\/channel\\\/UCes8RN4qyFrTp80YfCedw7g\"]},{\"@type\":\"Person\",\"@id\":\"https:\\\/\\\/szentjozsef.org\\\/hu\\\/#\\\/schema\\\/person\\\/c5103e9e15676796dc69c52ebbdc879a\",\"name\":\"admin.szj\",\"image\":{\"@type\":\"ImageObject\",\"inLanguage\":\"hu\",\"@id\":\"https:\\\/\\\/secure.gravatar.com\\\/avatar\\\/d1a8e06dabc46c0d35d1121ebb4f989346734903df2cacfc3b1f7e1efa61776d?s=96&d=mm&r=g\",\"url\":\"https:\\\/\\\/secure.gravatar.com\\\/avatar\\\/d1a8e06dabc46c0d35d1121ebb4f989346734903df2cacfc3b1f7e1efa61776d?s=96&d=mm&r=g\",\"contentUrl\":\"https:\\\/\\\/secure.gravatar.com\\\/avatar\\\/d1a8e06dabc46c0d35d1121ebb4f989346734903df2cacfc3b1f7e1efa61776d?s=96&d=mm&r=g\",\"caption\":\"admin.szj\"},\"sameAs\":[\"https:\\\/\\\/szentjozsef.org\"],\"url\":\"https:\\\/\\\/szentjozsef.org\\\/hu\\\/author\\\/admin-szj\\\/\"}]}<\/script>\n<!-- \/ Yoast SEO Premium plugin. -->","yoast_head_json":{"title":"2023.08.23-i k\u00f6rlev\u00e9l: Sajg\u00f3 Szabolcs SJ atya Argent\u00ednai k\u00fcldet\u00e9se.","description":"Sajg\u00f3 Szabolcs SJ atya 2023-as k\u00fcldet\u00e9se Argent\u00edn\u00e1ban. K\u00f6rlev\u00e9l az argentin magyar k\u00f6z\u00f6ss\u00e9geknek, hogy megh\u00edvj\u00e1k \u0151ket a r\u00e9szv\u00e9telre.","robots":{"index":"index","follow":"follow","max-snippet":"max-snippet:-1","max-image-preview":"max-image-preview:large","max-video-preview":"max-video-preview:-1"},"canonical":"https:\/\/szentjozsef.org\/hu\/2023\/korlevel\/2023-08-23-i-korlevel-sajgo-szabolcs-sj-atya-argentinai-kuldetese\/","og_locale":"hu_HU","og_type":"article","og_title":"2023.08.23-i k\u00f6rlev\u00e9l: Sajg\u00f3 Szabolcs SJ atya Argent\u00ednai k\u00fcldet\u00e9se.","og_description":"Sajg\u00f3 Szabolcs SJ atya 2023-as k\u00fcldet\u00e9se Argent\u00edn\u00e1ban. K\u00f6rlev\u00e9l az argentin magyar k\u00f6z\u00f6ss\u00e9geknek, hogy megh\u00edvj\u00e1k \u0151ket a r\u00e9szv\u00e9telre.","og_url":"https:\/\/szentjozsef.org\/hu\/2023\/korlevel\/2023-08-23-i-korlevel-sajgo-szabolcs-sj-atya-argentinai-kuldetese\/","og_site_name":"Szent J\u00f3zsef","article_published_time":"2023-08-23T13:29:51+00:00","article_modified_time":"2023-09-05T15:29:10+00:00","og_image":[{"width":225,"height":300,"url":"https:\/\/szentjozsef.org\/wp-content\/uploads\/2023\/08\/Sajgo_Szabolcs_1-225x300-1-e1692979244544.jpg","type":"image\/jpeg"}],"author":"admin.szj","twitter_card":"summary_large_image","twitter_creator":"@SzentJozsef","twitter_site":"@SzentJozsef","twitter_misc":{"Szerz\u0151:":"admin.szj","Becs\u00fclt olvas\u00e1si id\u0151":"3 perc"},"schema":{"@context":"https:\/\/schema.org","@graph":[{"@type":"Article","@id":"https:\/\/szentjozsef.org\/hu\/2023\/korlevel\/2023-08-23-i-korlevel-sajgo-szabolcs-sj-atya-argentinai-kuldetese\/#article","isPartOf":{"@id":"https:\/\/szentjozsef.org\/hu\/2023\/korlevel\/2023-08-23-i-korlevel-sajgo-szabolcs-sj-atya-argentinai-kuldetese\/"},"author":{"name":"admin.szj","@id":"https:\/\/szentjozsef.org\/hu\/#\/schema\/person\/c5103e9e15676796dc69c52ebbdc879a"},"headline":"2023.08.23-i k\u00f6rlev\u00e9l: Sajg\u00f3 Szabolcs SJ atya Argent\u00ednai k\u00fcldet\u00e9se.","datePublished":"2023-08-23T13:29:51+00:00","dateModified":"2023-09-05T15:29:10+00:00","mainEntityOfPage":{"@id":"https:\/\/szentjozsef.org\/hu\/2023\/korlevel\/2023-08-23-i-korlevel-sajgo-szabolcs-sj-atya-argentinai-kuldetese\/"},"wordCount":547,"commentCount":0,"publisher":{"@id":"https:\/\/szentjozsef.org\/hu\/#organization"},"image":{"@id":"https:\/\/szentjozsef.org\/hu\/2023\/korlevel\/2023-08-23-i-korlevel-sajgo-szabolcs-sj-atya-argentinai-kuldetese\/#primaryimage"},"thumbnailUrl":"https:\/\/i0.wp.com\/szentjozsef.org\/wp-content\/uploads\/2023\/08\/Sajgo_Szabolcs_1-225x300-1-e1692979244544.jpg?fit=225%2C300&ssl=1","keywords":["Sajg\u00f3 Szabolcs"],"articleSection":["K\u00f6rlev\u00e9l"],"inLanguage":"hu","potentialAction":[{"@type":"CommentAction","name":"Comment","target":["https:\/\/szentjozsef.org\/hu\/2023\/korlevel\/2023-08-23-i-korlevel-sajgo-szabolcs-sj-atya-argentinai-kuldetese\/#respond"]}]},{"@type":"WebPage","@id":"https:\/\/szentjozsef.org\/hu\/2023\/korlevel\/2023-08-23-i-korlevel-sajgo-szabolcs-sj-atya-argentinai-kuldetese\/","url":"https:\/\/szentjozsef.org\/hu\/2023\/korlevel\/2023-08-23-i-korlevel-sajgo-szabolcs-sj-atya-argentinai-kuldetese\/","name":"2023.08.23-i k\u00f6rlev\u00e9l: Sajg\u00f3 Szabolcs SJ atya Argent\u00ednai k\u00fcldet\u00e9se.","isPartOf":{"@id":"https:\/\/szentjozsef.org\/hu\/#website"},"primaryImageOfPage":{"@id":"https:\/\/szentjozsef.org\/hu\/2023\/korlevel\/2023-08-23-i-korlevel-sajgo-szabolcs-sj-atya-argentinai-kuldetese\/#primaryimage"},"image":{"@id":"https:\/\/szentjozsef.org\/hu\/2023\/korlevel\/2023-08-23-i-korlevel-sajgo-szabolcs-sj-atya-argentinai-kuldetese\/#primaryimage"},"thumbnailUrl":"https:\/\/i0.wp.com\/szentjozsef.org\/wp-content\/uploads\/2023\/08\/Sajgo_Szabolcs_1-225x300-1-e1692979244544.jpg?fit=225%2C300&ssl=1","datePublished":"2023-08-23T13:29:51+00:00","dateModified":"2023-09-05T15:29:10+00:00","description":"Sajg\u00f3 Szabolcs SJ atya 2023-as k\u00fcldet\u00e9se Argent\u00edn\u00e1ban. K\u00f6rlev\u00e9l az argentin magyar k\u00f6z\u00f6ss\u00e9geknek, hogy megh\u00edvj\u00e1k \u0151ket a r\u00e9szv\u00e9telre.","breadcrumb":{"@id":"https:\/\/szentjozsef.org\/hu\/2023\/korlevel\/2023-08-23-i-korlevel-sajgo-szabolcs-sj-atya-argentinai-kuldetese\/#breadcrumb"},"inLanguage":"hu","potentialAction":[{"@type":"ReadAction","target":["https:\/\/szentjozsef.org\/hu\/2023\/korlevel\/2023-08-23-i-korlevel-sajgo-szabolcs-sj-atya-argentinai-kuldetese\/"]}]},{"@type":"ImageObject","inLanguage":"hu","@id":"https:\/\/szentjozsef.org\/hu\/2023\/korlevel\/2023-08-23-i-korlevel-sajgo-szabolcs-sj-atya-argentinai-kuldetese\/#primaryimage","url":"https:\/\/i0.wp.com\/szentjozsef.org\/wp-content\/uploads\/2023\/08\/Sajgo_Szabolcs_1-225x300-1-e1692979244544.jpg?fit=225%2C300&ssl=1","contentUrl":"https:\/\/i0.wp.com\/szentjozsef.org\/wp-content\/uploads\/2023\/08\/Sajgo_Szabolcs_1-225x300-1-e1692979244544.jpg?fit=225%2C300&ssl=1","width":225,"height":300,"caption":"Imagen de Sajg\u00f3 Szabolcs"},{"@type":"BreadcrumbList","@id":"https:\/\/szentjozsef.org\/hu\/2023\/korlevel\/2023-08-23-i-korlevel-sajgo-szabolcs-sj-atya-argentinai-kuldetese\/#breadcrumb","itemListElement":[{"@type":"ListItem","position":1,"name":"F\u0151oldal","item":"https:\/\/szentjozsef.org\/hu\/"},{"@type":"ListItem","position":2,"name":"2023.08.23-i k\u00f6rlev\u00e9l: Sajg\u00f3 Szabolcs SJ atya Argent\u00ednai k\u00fcldet\u00e9se."}]},{"@type":"WebSite","@id":"https:\/\/szentjozsef.org\/hu\/#website","url":"https:\/\/szentjozsef.org\/hu\/","name":"Szent J\u00f3zsef","description":"\u201cSAN JOSE HUNGAROS CATOLICOS DE ARGENTINA ASOCIACION CIVIL\u201d  \u2013 Szent J\u00f3zsef, argent\u00ednai katolikus magyar civil egyes\u00fclet \u2013","publisher":{"@id":"https:\/\/szentjozsef.org\/hu\/#organization"},"potentialAction":[{"@type":"SearchAction","target":{"@type":"EntryPoint","urlTemplate":"https:\/\/szentjozsef.org\/hu\/?s={search_term_string}"},"query-input":{"@type":"PropertyValueSpecification","valueRequired":true,"valueName":"search_term_string"}}],"inLanguage":"hu"},{"@type":"Organization","@id":"https:\/\/szentjozsef.org\/hu\/#organization","name":"Szent J\u00f3zsef \/ San Jos\u00e9","url":"https:\/\/szentjozsef.org\/hu\/","logo":{"@type":"ImageObject","inLanguage":"hu","@id":"https:\/\/szentjozsef.org\/hu\/#\/schema\/logo\/image\/","url":"https:\/\/i0.wp.com\/szentjozsef.org\/wp-content\/uploads\/2022\/01\/10-1.png?fit=500%2C500&ssl=1","contentUrl":"https:\/\/i0.wp.com\/szentjozsef.org\/wp-content\/uploads\/2022\/01\/10-1.png?fit=500%2C500&ssl=1","width":500,"height":500,"caption":"Szent J\u00f3zsef \/ San Jos\u00e9"},"image":{"@id":"https:\/\/szentjozsef.org\/hu\/#\/schema\/logo\/image\/"},"sameAs":["https:\/\/x.com\/SzentJozsef","https:\/\/www.youtube.com\/channel\/UCes8RN4qyFrTp80YfCedw7g"]},{"@type":"Person","@id":"https:\/\/szentjozsef.org\/hu\/#\/schema\/person\/c5103e9e15676796dc69c52ebbdc879a","name":"admin.szj","image":{"@type":"ImageObject","inLanguage":"hu","@id":"https:\/\/secure.gravatar.com\/avatar\/d1a8e06dabc46c0d35d1121ebb4f989346734903df2cacfc3b1f7e1efa61776d?s=96&d=mm&r=g","url":"https:\/\/secure.gravatar.com\/avatar\/d1a8e06dabc46c0d35d1121ebb4f989346734903df2cacfc3b1f7e1efa61776d?s=96&d=mm&r=g","contentUrl":"https:\/\/secure.gravatar.com\/avatar\/d1a8e06dabc46c0d35d1121ebb4f989346734903df2cacfc3b1f7e1efa61776d?s=96&d=mm&r=g","caption":"admin.szj"},"sameAs":["https:\/\/szentjozsef.org"],"url":"https:\/\/szentjozsef.org\/hu\/author\/admin-szj\/"}]}},"jetpack_featured_media_url":"https:\/\/i0.wp.com\/szentjozsef.org\/wp-content\/uploads\/2023\/08\/Sajgo_Szabolcs_1-225x300-1-e1692979244544.jpg?fit=225%2C300&ssl=1","jetpack_sharing_enabled":true,"_links":{"self":[{"href":"https:\/\/szentjozsef.org\/hu\/wp-json\/wp\/v2\/posts\/399","targetHints":{"allow":["GET"]}}],"collection":[{"href":"https:\/\/szentjozsef.org\/hu\/wp-json\/wp\/v2\/posts"}],"about":[{"href":"https:\/\/szentjozsef.org\/hu\/wp-json\/wp\/v2\/types\/post"}],"author":[{"embeddable":true,"href":"https:\/\/szentjozsef.org\/hu\/wp-json\/wp\/v2\/users\/1"}],"replies":[{"embeddable":true,"href":"https:\/\/szentjozsef.org\/hu\/wp-json\/wp\/v2\/comments?post=399"}],"version-history":[{"count":6,"href":"https:\/\/szentjozsef.org\/hu\/wp-json\/wp\/v2\/posts\/399\/revisions"}],"predecessor-version":[{"id":438,"href":"https:\/\/szentjozsef.org\/hu\/wp-json\/wp\/v2\/posts\/399\/revisions\/438"}],"wp:featuredmedia":[{"embeddable":true,"href":"https:\/\/szentjozsef.org\/hu\/wp-json\/wp\/v2\/media\/406"}],"wp:attachment":[{"href":"https:\/\/szentjozsef.org\/hu\/wp-json\/wp\/v2\/media?parent=399"}],"wp:term":[{"taxonomy":"category","embeddable":true,"href":"https:\/\/szentjozsef.org\/hu\/wp-json\/wp\/v2\/categories?post=399"},{"taxonomy":"post_tag","embeddable":true,"href":"https:\/\/szentjozsef.org\/hu\/wp-json\/wp\/v2\/tags?post=399"}],"curies":[{"name":"wp","href":"https:\/\/api.w.org\/{rel}","templated":true}]}}