{"id":596,"date":"2024-08-15T22:12:10","date_gmt":"2024-08-15T22:12:10","guid":{"rendered":"https:\/\/szentjozsef.org\/2024\/nem-kategorizalt\/markus-roland-atya-uzenete-es-reflexioja\/"},"modified":"2024-08-18T23:42:04","modified_gmt":"2024-08-18T23:42:04","slug":"markus-roland-atya-uzenete-es-reflexioja","status":"publish","type":"post","link":"https:\/\/szentjozsef.org\/hu\/2024\/nem-kategorizalt\/markus-roland-atya-uzenete-es-reflexioja\/","title":{"rendered":"M\u00e1rkus Roland atya \u00fczenete \u00e9s reflexi\u00f3ja"},"content":{"rendered":"\n<p>K\u00e9t h\u00e9t intenz\u00edv utaz\u00e1s ut\u00e1n az argentin \u00fatvonalakon, miut\u00e1n bej\u00e1rta Chaco, Santiago del Estero, C\u00f3rdoba \u00e9s Buenos Aires tartom\u00e1nyok egy r\u00e9sz\u00e9t,<a href=\"https:\/\/www.szerzetesek.hu\/hirtegla\/piarista-hivatasok-markus-roland-sp\" target=\"_blank\" rel=\"noreferrer noopener\">M\u00e1rkus Roland atya<\/a> M\u00e1rkus Roland atya r\u00f6vid \u00fczenetet \u00e9s elm\u00e9lked\u00e9st mond nek\u00fcnk, miel\u0151tt megkezdi vissza\u00fatj\u00e1t Magyarorsz\u00e1gra.  <\/p>\n\n<p>Megosztjuk a vide\u00f3t, amelyet \u00f3r\u00e1kkal a rep\u00fcl\u0151t\u00e9rre val\u00f3 indul\u00e1sa el\u0151tt vett\u00fcnk fel. \u00datja Szegedre vezeti, ahol a Piarist\u00e1k Kongreg\u00e1ci\u00f3ja, amelyhez \u0151 tartozik, <a href=\"https:\/\/piarista.hu\/szeged-dugonics-andras-piarista-gimnazium-alapfoku-muveszeti-iskola-es-kollegium\/\" target=\"_blank\" rel=\"noreferrer noopener\">t\u00e1mogatja a gyermekek \u00e9s fiatalok tanulm\u00e1nyait<\/a>.<\/p>\n\n<p><\/p>\n\n<figure class=\"wp-block-embed is-type-video is-provider-youtube wp-block-embed-youtube wp-embed-aspect-16-9 wp-has-aspect-ratio\"><div class=\"wp-block-embed__wrapper\"> \n<iframe loading=\"lazy\" title=\"P. Roland M\u00e1rkus (2024-08-13)\" width=\"660\" height=\"371\" src=\"https:\/\/www.youtube.com\/embed\/hUuGCAwAW5w?feature=oembed\" frameborder=\"0\" allow=\"accelerometer; autoplay; clipboard-write; encrypted-media; gyroscope; picture-in-picture; web-share\" referrerpolicy=\"strict-origin-when-cross-origin\" allowfullscreen><\/iframe>\n <\/div><\/figure>\n\n<p>Roland atya lelkip\u00e1sztori l\u00e1togat\u00e1sa Argent\u00edn\u00e1ban 2024. augusztus 1-j\u00e9n kezd\u0151d\u00f6tt, amikor meg\u00e9rkezett az Ezeiza nemzetk\u00f6zi rep\u00fcl\u0151t\u00e9rre. Ett\u0151l kezdve az eg\u00e9sz orsz\u00e1gj\u00e1r\u00e1s sz\u00e1razf\u00f6ldi \u00faton t\u00f6rt\u00e9nt. A &#8222;<a href=\"https:\/\/diaszpora.katolikus.hu\/kozossegek\/argentin-katolikus-magyarok-szovetsege-mindszentynum\" target=\"_blank\" rel=\"noreferrer noopener\">Mindszentynum<\/a>&#8221; (Argent\u00ednai Katolikus Magyarok Sz\u00f6vets\u00e9ge) \u00f6nk\u00e9nteseinek k\u00eds\u00e9ret\u00e9ben, akikkel egy\u00fctt dolgozunk, valamint a <a href=\"https:\/\/szentjozsef.org\/hu\/szent-jozsef-egy-szent-apai-szivvel\/\">Szent J\u00f3zsef<\/a> civil egyes\u00fclet tagjaival, a hossz\u00fa argentin \u00fatvonalakon.  <\/p>\n\n<p>Ez id\u0151 alatt az ap\u00e1nak lehet\u0151s\u00e9ge ny\u00edlt tal\u00e1lkozni csal\u00e1dokkal, fiatalok csoportjaival, id\u0151sekkel, k\u00fcl\u00f6nb\u00f6z\u0151 int\u00e9zm\u00e9nyek tagjaival, amelyek sz\u00fclei \u00f6r\u00f6ks\u00e9g\u00e9t \u0151rzik, \u00e1polj\u00e1k a magyar kult\u00far\u00e1t, valamint az \u0151seinkt\u0151l \u00f6r\u00f6k\u00f6lt kereszt\u00e9ny \u00e9rt\u00e9keinket.<\/p>\n\n<p>Az \u00fcnneps\u00e9gek, a besz\u00e9lget\u00e9sek, a szentmis\u00e9k, az \u00e9telek \u00e9s az ige megoszt\u00e1s\u00e1nak ideje, mosolyt, nevet\u00e9st \u00e9s \u00e9rzelmi k\u00f6nnyeket v\u00e1ltott ki. Minden f\u0171szer, t\u00f6rt\u00e9net, kedvess\u00e9g, amely \u201eotthoni\u201d kl\u00edm\u00e1t jelentett, eredm\u00e9ny\u00e9t hozta ahogy az atya eml\u00edtette elm\u00e9lked\u00e9seiben: mert az \u00f3ce\u00e1n ezen oldal\u00e1n is otthon \u00e9rezhette mag\u00e1t.   <\/p>\n\n<p>Roland atya misszi\u00f3ja a <a href=\"https:\/\/katolikus.hu\/\" target=\"_blank\" rel=\"noreferrer noopener\">Magyar Katolikus P\u00fcsp\u00f6ki Konferencia (MKPK)<\/a> v\u00e9gzett munk\u00e1j\u00e1nak k\u00f6sz\u00f6nhet\u0151en val\u00f3sulhatott meg. F\u0151leg a <a href=\"https:\/\/diaszpora.katolikus.hu\/kapcsolat\" target=\"_blank\" rel=\"noreferrer noopener\">MKPK K\u00fclf\u00f6ldi Magyar Lelkip\u00e1sztori Szolg\u00e1lati Iroda<\/a> t\u00e1mogat\u00e1s\u00e1n kereszt\u00fcl.<\/p>\n\n<h2 class=\"wp-block-heading\">Viszontl\u00e1t\u00e1sra M\u00e1rkus Roland atya<\/h2>\n\n<p>M\u00e1rkus Roland aty\u00e1t\u00f3l azzal b\u00facs\u00fazunk, hogy megosztunk n\u00e9h\u00e1ny k\u00e9pet a l\u00e1togat\u00e1s\u00e1r\u00f3l. K\u00f6sz\u00f6nj\u00fck \u00fczenet\u00e9t \u00e9s reflexi\u00f3it. \u00c9s rem\u00e9lj\u00fck, hogy ez az utaz\u00e1s csak az els\u0151 volt a sok k\u00f6z\u00fcl. Az aty\u00e1t ezen a &#8222;magyar&#8221; f\u00f6ldr\u00e9szen fogjuk v\u00e1rni, amely a vil\u00e1g m\u00e1sik oldal\u00e1n tal\u00e1lhat\u00f3.   <\/p>\n\n<figure class=\"wp-block-gallery has-nested-images columns-default is-cropped wp-block-gallery-1 is-layout-flex wp-block-gallery-is-layout-flex\">\n<figure class=\"wp-block-image size-large\"><img data-recalc-dims=\"1\" loading=\"lazy\" decoding=\"async\" width=\"660\" height=\"495\" data-id=\"554\" src=\"https:\/\/i0.wp.com\/szentjozsef.org\/wp-content\/uploads\/2024\/08\/IMG-20240806-WA0008.jpg?resize=660%2C495&#038;ssl=1\" alt=\"&#xFC;zenet reflexi&#xF3; Roland M&#xE1;rkus\" class=\"wp-image-554\" srcset=\"https:\/\/i0.wp.com\/szentjozsef.org\/wp-content\/uploads\/2024\/08\/IMG-20240806-WA0008.jpg?resize=1024%2C768&amp;ssl=1 1024w, https:\/\/i0.wp.com\/szentjozsef.org\/wp-content\/uploads\/2024\/08\/IMG-20240806-WA0008.jpg?resize=300%2C225&amp;ssl=1 300w, https:\/\/i0.wp.com\/szentjozsef.org\/wp-content\/uploads\/2024\/08\/IMG-20240806-WA0008.jpg?resize=768%2C576&amp;ssl=1 768w, https:\/\/i0.wp.com\/szentjozsef.org\/wp-content\/uploads\/2024\/08\/IMG-20240806-WA0008.jpg?w=1280&amp;ssl=1 1280w\" sizes=\"auto, (max-width: 660px) 100vw, 660px\" \/><\/figure>\n\n\n\n<figure class=\"wp-block-image size-large\"><img data-recalc-dims=\"1\" loading=\"lazy\" decoding=\"async\" width=\"660\" height=\"495\" data-id=\"556\" src=\"https:\/\/i0.wp.com\/szentjozsef.org\/wp-content\/uploads\/2024\/08\/IMG-20240806-WA0005.jpg?resize=660%2C495&#038;ssl=1\" alt=\"\" class=\"wp-image-556\" srcset=\"https:\/\/i0.wp.com\/szentjozsef.org\/wp-content\/uploads\/2024\/08\/IMG-20240806-WA0005.jpg?resize=1024%2C768&amp;ssl=1 1024w, https:\/\/i0.wp.com\/szentjozsef.org\/wp-content\/uploads\/2024\/08\/IMG-20240806-WA0005.jpg?resize=300%2C225&amp;ssl=1 300w, https:\/\/i0.wp.com\/szentjozsef.org\/wp-content\/uploads\/2024\/08\/IMG-20240806-WA0005.jpg?resize=768%2C576&amp;ssl=1 768w, https:\/\/i0.wp.com\/szentjozsef.org\/wp-content\/uploads\/2024\/08\/IMG-20240806-WA0005.jpg?w=1280&amp;ssl=1 1280w\" sizes=\"auto, (max-width: 660px) 100vw, 660px\" \/><\/figure>\n\n\n\n<figure class=\"wp-block-image size-large\"><img data-recalc-dims=\"1\" loading=\"lazy\" decoding=\"async\" width=\"660\" height=\"496\" data-id=\"558\" src=\"https:\/\/i0.wp.com\/szentjozsef.org\/wp-content\/uploads\/2024\/08\/Imagen-de-WhatsApp-2024-08-13-a-las-09.28.58_c4e8e8db-1.jpg?resize=660%2C496&#038;ssl=1\" alt=\"\" class=\"wp-image-558\" srcset=\"https:\/\/i0.wp.com\/szentjozsef.org\/wp-content\/uploads\/2024\/08\/Imagen-de-WhatsApp-2024-08-13-a-las-09.28.58_c4e8e8db-1.jpg?resize=1024%2C769&amp;ssl=1 1024w, https:\/\/i0.wp.com\/szentjozsef.org\/wp-content\/uploads\/2024\/08\/Imagen-de-WhatsApp-2024-08-13-a-las-09.28.58_c4e8e8db-1.jpg?resize=300%2C225&amp;ssl=1 300w, https:\/\/i0.wp.com\/szentjozsef.org\/wp-content\/uploads\/2024\/08\/Imagen-de-WhatsApp-2024-08-13-a-las-09.28.58_c4e8e8db-1.jpg?resize=768%2C577&amp;ssl=1 768w, https:\/\/i0.wp.com\/szentjozsef.org\/wp-content\/uploads\/2024\/08\/Imagen-de-WhatsApp-2024-08-13-a-las-09.28.58_c4e8e8db-1.jpg?w=1280&amp;ssl=1 1280w\" sizes=\"auto, (max-width: 660px) 100vw, 660px\" \/><\/figure>\n\n\n\n<figure class=\"wp-block-image size-large\"><img data-recalc-dims=\"1\" loading=\"lazy\" decoding=\"async\" width=\"660\" height=\"495\" data-id=\"561\" src=\"https:\/\/i0.wp.com\/szentjozsef.org\/wp-content\/uploads\/2024\/08\/IMG-20240806-WA0031.jpg?resize=660%2C495&#038;ssl=1\" alt=\"\" class=\"wp-image-561\" srcset=\"https:\/\/i0.wp.com\/szentjozsef.org\/wp-content\/uploads\/2024\/08\/IMG-20240806-WA0031.jpg?resize=1024%2C768&amp;ssl=1 1024w, https:\/\/i0.wp.com\/szentjozsef.org\/wp-content\/uploads\/2024\/08\/IMG-20240806-WA0031.jpg?resize=300%2C225&amp;ssl=1 300w, https:\/\/i0.wp.com\/szentjozsef.org\/wp-content\/uploads\/2024\/08\/IMG-20240806-WA0031.jpg?resize=768%2C576&amp;ssl=1 768w, https:\/\/i0.wp.com\/szentjozsef.org\/wp-content\/uploads\/2024\/08\/IMG-20240806-WA0031.jpg?w=1280&amp;ssl=1 1280w\" sizes=\"auto, (max-width: 660px) 100vw, 660px\" \/><\/figure>\n\n\n\n<figure class=\"wp-block-image size-large\"><img data-recalc-dims=\"1\" loading=\"lazy\" decoding=\"async\" width=\"660\" height=\"495\" data-id=\"563\" src=\"https:\/\/i0.wp.com\/szentjozsef.org\/wp-content\/uploads\/2024\/08\/IMG-20240806-WA0030.jpg?resize=660%2C495&#038;ssl=1\" alt=\"\" class=\"wp-image-563\" srcset=\"https:\/\/i0.wp.com\/szentjozsef.org\/wp-content\/uploads\/2024\/08\/IMG-20240806-WA0030.jpg?resize=1024%2C768&amp;ssl=1 1024w, https:\/\/i0.wp.com\/szentjozsef.org\/wp-content\/uploads\/2024\/08\/IMG-20240806-WA0030.jpg?resize=300%2C225&amp;ssl=1 300w, https:\/\/i0.wp.com\/szentjozsef.org\/wp-content\/uploads\/2024\/08\/IMG-20240806-WA0030.jpg?resize=768%2C576&amp;ssl=1 768w, https:\/\/i0.wp.com\/szentjozsef.org\/wp-content\/uploads\/2024\/08\/IMG-20240806-WA0030.jpg?w=1280&amp;ssl=1 1280w\" sizes=\"auto, (max-width: 660px) 100vw, 660px\" \/><\/figure>\n\n\n\n<figure class=\"wp-block-image size-large\"><img data-recalc-dims=\"1\" loading=\"lazy\" decoding=\"async\" width=\"660\" height=\"495\" data-id=\"565\" src=\"https:\/\/i0.wp.com\/szentjozsef.org\/wp-content\/uploads\/2024\/08\/IMG-20240806-WA0013.jpg?resize=660%2C495&#038;ssl=1\" alt=\"\" class=\"wp-image-565\" srcset=\"https:\/\/i0.wp.com\/szentjozsef.org\/wp-content\/uploads\/2024\/08\/IMG-20240806-WA0013.jpg?resize=1024%2C768&amp;ssl=1 1024w, https:\/\/i0.wp.com\/szentjozsef.org\/wp-content\/uploads\/2024\/08\/IMG-20240806-WA0013.jpg?resize=300%2C225&amp;ssl=1 300w, https:\/\/i0.wp.com\/szentjozsef.org\/wp-content\/uploads\/2024\/08\/IMG-20240806-WA0013.jpg?resize=768%2C576&amp;ssl=1 768w, https:\/\/i0.wp.com\/szentjozsef.org\/wp-content\/uploads\/2024\/08\/IMG-20240806-WA0013.jpg?w=1280&amp;ssl=1 1280w\" sizes=\"auto, (max-width: 660px) 100vw, 660px\" \/><\/figure>\n\n\n\n<figure class=\"wp-block-image size-large\"><img data-recalc-dims=\"1\" loading=\"lazy\" decoding=\"async\" width=\"660\" height=\"495\" data-id=\"567\" src=\"https:\/\/i0.wp.com\/szentjozsef.org\/wp-content\/uploads\/2024\/08\/IMG-20240813-WA0030.jpg?resize=660%2C495&#038;ssl=1\" alt=\"&#xFC;zenet reflexi&#xF3; Roland M&#xE1;rkus\" class=\"wp-image-567\" srcset=\"https:\/\/i0.wp.com\/szentjozsef.org\/wp-content\/uploads\/2024\/08\/IMG-20240813-WA0030.jpg?resize=1024%2C768&amp;ssl=1 1024w, https:\/\/i0.wp.com\/szentjozsef.org\/wp-content\/uploads\/2024\/08\/IMG-20240813-WA0030.jpg?resize=300%2C225&amp;ssl=1 300w, https:\/\/i0.wp.com\/szentjozsef.org\/wp-content\/uploads\/2024\/08\/IMG-20240813-WA0030.jpg?resize=768%2C576&amp;ssl=1 768w, https:\/\/i0.wp.com\/szentjozsef.org\/wp-content\/uploads\/2024\/08\/IMG-20240813-WA0030.jpg?w=1280&amp;ssl=1 1280w\" sizes=\"auto, (max-width: 660px) 100vw, 660px\" \/><\/figure>\n\n\n\n<figure class=\"wp-block-image size-large\"><img data-recalc-dims=\"1\" loading=\"lazy\" decoding=\"async\" width=\"660\" height=\"495\" data-id=\"569\" src=\"https:\/\/i0.wp.com\/szentjozsef.org\/wp-content\/uploads\/2024\/08\/IMG-20240813-WA0032.jpg?resize=660%2C495&#038;ssl=1\" alt=\"\" class=\"wp-image-569\" srcset=\"https:\/\/i0.wp.com\/szentjozsef.org\/wp-content\/uploads\/2024\/08\/IMG-20240813-WA0032.jpg?resize=1024%2C768&amp;ssl=1 1024w, https:\/\/i0.wp.com\/szentjozsef.org\/wp-content\/uploads\/2024\/08\/IMG-20240813-WA0032.jpg?resize=300%2C225&amp;ssl=1 300w, https:\/\/i0.wp.com\/szentjozsef.org\/wp-content\/uploads\/2024\/08\/IMG-20240813-WA0032.jpg?resize=768%2C576&amp;ssl=1 768w, https:\/\/i0.wp.com\/szentjozsef.org\/wp-content\/uploads\/2024\/08\/IMG-20240813-WA0032.jpg?w=1280&amp;ssl=1 1280w\" sizes=\"auto, (max-width: 660px) 100vw, 660px\" \/><\/figure>\n\n\n\n<figure class=\"wp-block-image size-large\"><img data-recalc-dims=\"1\" loading=\"lazy\" decoding=\"async\" width=\"660\" height=\"495\" data-id=\"571\" src=\"https:\/\/i0.wp.com\/szentjozsef.org\/wp-content\/uploads\/2024\/08\/IMG-20240813-WA0034.jpg?resize=660%2C495&#038;ssl=1\" alt=\"\" class=\"wp-image-571\" srcset=\"https:\/\/i0.wp.com\/szentjozsef.org\/wp-content\/uploads\/2024\/08\/IMG-20240813-WA0034.jpg?resize=1024%2C768&amp;ssl=1 1024w, https:\/\/i0.wp.com\/szentjozsef.org\/wp-content\/uploads\/2024\/08\/IMG-20240813-WA0034.jpg?resize=300%2C225&amp;ssl=1 300w, https:\/\/i0.wp.com\/szentjozsef.org\/wp-content\/uploads\/2024\/08\/IMG-20240813-WA0034.jpg?resize=768%2C576&amp;ssl=1 768w, https:\/\/i0.wp.com\/szentjozsef.org\/wp-content\/uploads\/2024\/08\/IMG-20240813-WA0034.jpg?w=1280&amp;ssl=1 1280w\" sizes=\"auto, (max-width: 660px) 100vw, 660px\" \/><\/figure>\n\n\n\n<figure class=\"wp-block-image size-large\"><img data-recalc-dims=\"1\" loading=\"lazy\" decoding=\"async\" width=\"660\" height=\"495\" data-id=\"573\" src=\"https:\/\/i0.wp.com\/szentjozsef.org\/wp-content\/uploads\/2024\/08\/IMG-20240813-WA0036.jpg?resize=660%2C495&#038;ssl=1\" alt=\"\" class=\"wp-image-573\" srcset=\"https:\/\/i0.wp.com\/szentjozsef.org\/wp-content\/uploads\/2024\/08\/IMG-20240813-WA0036.jpg?resize=1024%2C768&amp;ssl=1 1024w, https:\/\/i0.wp.com\/szentjozsef.org\/wp-content\/uploads\/2024\/08\/IMG-20240813-WA0036.jpg?resize=300%2C225&amp;ssl=1 300w, https:\/\/i0.wp.com\/szentjozsef.org\/wp-content\/uploads\/2024\/08\/IMG-20240813-WA0036.jpg?resize=768%2C576&amp;ssl=1 768w, https:\/\/i0.wp.com\/szentjozsef.org\/wp-content\/uploads\/2024\/08\/IMG-20240813-WA0036.jpg?w=1280&amp;ssl=1 1280w\" sizes=\"auto, (max-width: 660px) 100vw, 660px\" \/><\/figure>\n\n\n\n<figure class=\"wp-block-image size-large\"><img data-recalc-dims=\"1\" loading=\"lazy\" decoding=\"async\" width=\"660\" height=\"495\" data-id=\"575\" src=\"https:\/\/i0.wp.com\/szentjozsef.org\/wp-content\/uploads\/2024\/08\/IMG-20240813-WA0037.jpg?resize=660%2C495&#038;ssl=1\" alt=\"&#xFC;zenet reflexi&#xF3; Roland M&#xE1;rkus\" class=\"wp-image-575\" srcset=\"https:\/\/i0.wp.com\/szentjozsef.org\/wp-content\/uploads\/2024\/08\/IMG-20240813-WA0037.jpg?resize=1024%2C768&amp;ssl=1 1024w, https:\/\/i0.wp.com\/szentjozsef.org\/wp-content\/uploads\/2024\/08\/IMG-20240813-WA0037.jpg?resize=300%2C225&amp;ssl=1 300w, https:\/\/i0.wp.com\/szentjozsef.org\/wp-content\/uploads\/2024\/08\/IMG-20240813-WA0037.jpg?resize=768%2C576&amp;ssl=1 768w, https:\/\/i0.wp.com\/szentjozsef.org\/wp-content\/uploads\/2024\/08\/IMG-20240813-WA0037.jpg?w=1280&amp;ssl=1 1280w\" sizes=\"auto, (max-width: 660px) 100vw, 660px\" \/><\/figure>\n\n\n\n<figure class=\"wp-block-image size-large\"><img data-recalc-dims=\"1\" loading=\"lazy\" decoding=\"async\" width=\"660\" height=\"495\" data-id=\"577\" src=\"https:\/\/i0.wp.com\/szentjozsef.org\/wp-content\/uploads\/2024\/08\/IMG-20240813-WA0041.jpg?resize=660%2C495&#038;ssl=1\" alt=\"\" class=\"wp-image-577\" srcset=\"https:\/\/i0.wp.com\/szentjozsef.org\/wp-content\/uploads\/2024\/08\/IMG-20240813-WA0041.jpg?resize=1024%2C768&amp;ssl=1 1024w, https:\/\/i0.wp.com\/szentjozsef.org\/wp-content\/uploads\/2024\/08\/IMG-20240813-WA0041.jpg?resize=300%2C225&amp;ssl=1 300w, https:\/\/i0.wp.com\/szentjozsef.org\/wp-content\/uploads\/2024\/08\/IMG-20240813-WA0041.jpg?resize=768%2C576&amp;ssl=1 768w, https:\/\/i0.wp.com\/szentjozsef.org\/wp-content\/uploads\/2024\/08\/IMG-20240813-WA0041.jpg?w=1280&amp;ssl=1 1280w\" sizes=\"auto, (max-width: 660px) 100vw, 660px\" \/><\/figure>\n\n\n\n<figure class=\"wp-block-image size-large\"><img data-recalc-dims=\"1\" loading=\"lazy\" decoding=\"async\" width=\"660\" height=\"880\" data-id=\"579\" src=\"https:\/\/i0.wp.com\/szentjozsef.org\/wp-content\/uploads\/2024\/08\/IMG-20240813-WA0038.jpg?resize=660%2C880&#038;ssl=1\" alt=\"\" class=\"wp-image-579\" srcset=\"https:\/\/i0.wp.com\/szentjozsef.org\/wp-content\/uploads\/2024\/08\/IMG-20240813-WA0038.jpg?resize=768%2C1024&amp;ssl=1 768w, https:\/\/i0.wp.com\/szentjozsef.org\/wp-content\/uploads\/2024\/08\/IMG-20240813-WA0038.jpg?resize=225%2C300&amp;ssl=1 225w, https:\/\/i0.wp.com\/szentjozsef.org\/wp-content\/uploads\/2024\/08\/IMG-20240813-WA0038.jpg?w=960&amp;ssl=1 960w\" sizes=\"auto, (max-width: 660px) 100vw, 660px\" \/><\/figure>\n\n\n\n<figure class=\"wp-block-image size-large\"><img data-recalc-dims=\"1\" loading=\"lazy\" decoding=\"async\" width=\"660\" height=\"880\" data-id=\"581\" src=\"https:\/\/i0.wp.com\/szentjozsef.org\/wp-content\/uploads\/2024\/08\/IMG-20240813-WA0040.jpg?resize=660%2C880&#038;ssl=1\" alt=\"\" class=\"wp-image-581\" srcset=\"https:\/\/i0.wp.com\/szentjozsef.org\/wp-content\/uploads\/2024\/08\/IMG-20240813-WA0040.jpg?resize=768%2C1024&amp;ssl=1 768w, https:\/\/i0.wp.com\/szentjozsef.org\/wp-content\/uploads\/2024\/08\/IMG-20240813-WA0040.jpg?resize=225%2C300&amp;ssl=1 225w, https:\/\/i0.wp.com\/szentjozsef.org\/wp-content\/uploads\/2024\/08\/IMG-20240813-WA0040.jpg?w=960&amp;ssl=1 960w\" sizes=\"auto, (max-width: 660px) 100vw, 660px\" \/><\/figure>\n\n\n\n<figure class=\"wp-block-image size-large\"><img data-recalc-dims=\"1\" loading=\"lazy\" decoding=\"async\" width=\"660\" height=\"880\" data-id=\"583\" src=\"https:\/\/i0.wp.com\/szentjozsef.org\/wp-content\/uploads\/2024\/08\/IMG-20240813-WA0054.jpg?resize=660%2C880&#038;ssl=1\" alt=\"&#xFC;zenet reflexi&#xF3; Roland M&#xE1;rkus\" class=\"wp-image-583\" srcset=\"https:\/\/i0.wp.com\/szentjozsef.org\/wp-content\/uploads\/2024\/08\/IMG-20240813-WA0054.jpg?resize=768%2C1024&amp;ssl=1 768w, https:\/\/i0.wp.com\/szentjozsef.org\/wp-content\/uploads\/2024\/08\/IMG-20240813-WA0054.jpg?resize=225%2C300&amp;ssl=1 225w, https:\/\/i0.wp.com\/szentjozsef.org\/wp-content\/uploads\/2024\/08\/IMG-20240813-WA0054.jpg?w=960&amp;ssl=1 960w\" sizes=\"auto, (max-width: 660px) 100vw, 660px\" \/><\/figure>\n\n\n\n<figure class=\"wp-block-image size-large\"><img data-recalc-dims=\"1\" loading=\"lazy\" decoding=\"async\" width=\"660\" height=\"495\" data-id=\"587\" src=\"https:\/\/i0.wp.com\/szentjozsef.org\/wp-content\/uploads\/2024\/08\/IMG-20240813-WA0057.jpg?resize=660%2C495&#038;ssl=1\" alt=\"\" class=\"wp-image-587\" srcset=\"https:\/\/i0.wp.com\/szentjozsef.org\/wp-content\/uploads\/2024\/08\/IMG-20240813-WA0057.jpg?resize=1024%2C768&amp;ssl=1 1024w, https:\/\/i0.wp.com\/szentjozsef.org\/wp-content\/uploads\/2024\/08\/IMG-20240813-WA0057.jpg?resize=300%2C225&amp;ssl=1 300w, https:\/\/i0.wp.com\/szentjozsef.org\/wp-content\/uploads\/2024\/08\/IMG-20240813-WA0057.jpg?resize=768%2C576&amp;ssl=1 768w, https:\/\/i0.wp.com\/szentjozsef.org\/wp-content\/uploads\/2024\/08\/IMG-20240813-WA0057.jpg?w=1280&amp;ssl=1 1280w\" sizes=\"auto, (max-width: 660px) 100vw, 660px\" \/><\/figure>\n\n\n\n<figure class=\"wp-block-image size-large\"><img data-recalc-dims=\"1\" loading=\"lazy\" decoding=\"async\" width=\"660\" height=\"495\" data-id=\"589\" src=\"https:\/\/i0.wp.com\/szentjozsef.org\/wp-content\/uploads\/2024\/08\/IMG-20240813-WA0039.jpg?resize=660%2C495&#038;ssl=1\" alt=\"\" class=\"wp-image-589\" srcset=\"https:\/\/i0.wp.com\/szentjozsef.org\/wp-content\/uploads\/2024\/08\/IMG-20240813-WA0039.jpg?resize=1024%2C768&amp;ssl=1 1024w, https:\/\/i0.wp.com\/szentjozsef.org\/wp-content\/uploads\/2024\/08\/IMG-20240813-WA0039.jpg?resize=300%2C225&amp;ssl=1 300w, https:\/\/i0.wp.com\/szentjozsef.org\/wp-content\/uploads\/2024\/08\/IMG-20240813-WA0039.jpg?resize=768%2C576&amp;ssl=1 768w, https:\/\/i0.wp.com\/szentjozsef.org\/wp-content\/uploads\/2024\/08\/IMG-20240813-WA0039.jpg?w=1280&amp;ssl=1 1280w\" sizes=\"auto, (max-width: 660px) 100vw, 660px\" \/><\/figure>\n<\/figure>\n","protected":false},"excerpt":{"rendered":"<p>K\u00e9t h\u00e9t intenz\u00edv utaz\u00e1s ut\u00e1n az argentin \u00fatvonalakon, miut\u00e1n bej\u00e1rta Chaco, Santiago del Estero, C\u00f3rdoba \u00e9s Buenos Aires tartom\u00e1nyok egy r\u00e9sz\u00e9t,M\u00e1rkus Roland atya M\u00e1rkus Roland atya r\u00f6vid \u00fczenetet \u00e9s elm\u00e9lked\u00e9st&hellip;<\/p>\n","protected":false},"author":1,"featured_media":546,"comment_status":"open","ping_status":"open","sticky":false,"template":"","format":"standard","meta":{"_jetpack_memberships_contains_paid_content":false,"footnotes":""},"categories":[1],"tags":[],"class_list":["post-596","post","type-post","status-publish","format-standard","has-post-thumbnail","hentry","category-nem-kategorizalt"],"yoast_head":"<!-- This site is optimized with the Yoast SEO Premium plugin v21.3 (Yoast SEO v27.4) - https:\/\/yoast.com\/product\/yoast-seo-premium-wordpress\/ -->\n<title>M\u00e1rkus Roland atya \u00fczenete \u00e9s reflexi\u00f3ja - Szent J\u00f3zsef<\/title>\n<meta name=\"description\" content=\"M\u00e1rkus Roland atya \u00fczenete \u00e9s reflexi\u00f3ja, miel\u0151tt argent\u00ednai lelkip\u00e1sztori l\u00e1togat\u00e1sa ut\u00e1n visszat\u00e9rne Magyarorsz\u00e1gra. 2024. augusztus\" \/>\n<meta name=\"robots\" content=\"index, follow, max-snippet:-1, max-image-preview:large, max-video-preview:-1\" \/>\n<link rel=\"canonical\" href=\"https:\/\/szentjozsef.org\/hu\/2024\/nem-kategorizalt\/markus-roland-atya-uzenete-es-reflexioja\/\" \/>\n<meta property=\"og:locale\" content=\"hu_HU\" \/>\n<meta property=\"og:type\" content=\"article\" \/>\n<meta property=\"og:title\" content=\"M\u00e1rkus Roland atya \u00fczenete \u00e9s reflexi\u00f3ja\" \/>\n<meta property=\"og:description\" content=\"M\u00e1rkus Roland atya \u00fczenete \u00e9s reflexi\u00f3ja, miel\u0151tt argent\u00ednai lelkip\u00e1sztori l\u00e1togat\u00e1sa ut\u00e1n visszat\u00e9rne Magyarorsz\u00e1gra. 2024. augusztus\" \/>\n<meta property=\"og:url\" content=\"https:\/\/szentjozsef.org\/hu\/2024\/nem-kategorizalt\/markus-roland-atya-uzenete-es-reflexioja\/\" \/>\n<meta property=\"og:site_name\" content=\"Szent J\u00f3zsef\" \/>\n<meta property=\"article:published_time\" content=\"2024-08-15T22:12:10+00:00\" \/>\n<meta property=\"article:modified_time\" content=\"2024-08-18T23:42:04+00:00\" \/>\n<meta property=\"og:image\" content=\"https:\/\/i0.wp.com\/szentjozsef.org\/wp-content\/uploads\/2024\/08\/portadaPRolandMarkus.png?fit=1280%2C720&ssl=1\" \/>\n\t<meta property=\"og:image:width\" content=\"1280\" \/>\n\t<meta property=\"og:image:height\" content=\"720\" \/>\n\t<meta property=\"og:image:type\" content=\"image\/png\" \/>\n<meta name=\"author\" content=\"admin.szj\" \/>\n<meta name=\"twitter:card\" content=\"summary_large_image\" \/>\n<meta name=\"twitter:creator\" content=\"@SzentJozsef\" \/>\n<meta name=\"twitter:site\" content=\"@SzentJozsef\" \/>\n<meta name=\"twitter:label1\" content=\"Szerz\u0151:\" \/>\n\t<meta name=\"twitter:data1\" content=\"admin.szj\" \/>\n\t<meta name=\"twitter:label2\" content=\"Becs\u00fclt olvas\u00e1si id\u0151\" \/>\n\t<meta name=\"twitter:data2\" content=\"2 perc\" \/>\n<script type=\"application\/ld+json\" class=\"yoast-schema-graph\">{\"@context\":\"https:\\\/\\\/schema.org\",\"@graph\":[{\"@type\":\"Article\",\"@id\":\"https:\\\/\\\/szentjozsef.org\\\/hu\\\/2024\\\/nem-kategorizalt\\\/markus-roland-atya-uzenete-es-reflexioja\\\/#article\",\"isPartOf\":{\"@id\":\"https:\\\/\\\/szentjozsef.org\\\/hu\\\/2024\\\/nem-kategorizalt\\\/markus-roland-atya-uzenete-es-reflexioja\\\/\"},\"author\":{\"name\":\"admin.szj\",\"@id\":\"https:\\\/\\\/szentjozsef.org\\\/hu\\\/#\\\/schema\\\/person\\\/c5103e9e15676796dc69c52ebbdc879a\"},\"headline\":\"M\u00e1rkus Roland atya \u00fczenete \u00e9s reflexi\u00f3ja\",\"datePublished\":\"2024-08-15T22:12:10+00:00\",\"dateModified\":\"2024-08-18T23:42:04+00:00\",\"mainEntityOfPage\":{\"@id\":\"https:\\\/\\\/szentjozsef.org\\\/hu\\\/2024\\\/nem-kategorizalt\\\/markus-roland-atya-uzenete-es-reflexioja\\\/\"},\"wordCount\":432,\"commentCount\":0,\"publisher\":{\"@id\":\"https:\\\/\\\/szentjozsef.org\\\/hu\\\/#organization\"},\"image\":{\"@id\":\"https:\\\/\\\/szentjozsef.org\\\/hu\\\/2024\\\/nem-kategorizalt\\\/markus-roland-atya-uzenete-es-reflexioja\\\/#primaryimage\"},\"thumbnailUrl\":\"https:\\\/\\\/i0.wp.com\\\/szentjozsef.org\\\/wp-content\\\/uploads\\\/2024\\\/08\\\/portadaPRolandMarkus.png?fit=1280%2C720&ssl=1\",\"articleSection\":[\"Nem kategoriz\u00e1lt\"],\"inLanguage\":\"hu\",\"potentialAction\":[{\"@type\":\"CommentAction\",\"name\":\"Comment\",\"target\":[\"https:\\\/\\\/szentjozsef.org\\\/hu\\\/2024\\\/nem-kategorizalt\\\/markus-roland-atya-uzenete-es-reflexioja\\\/#respond\"]}]},{\"@type\":\"WebPage\",\"@id\":\"https:\\\/\\\/szentjozsef.org\\\/hu\\\/2024\\\/nem-kategorizalt\\\/markus-roland-atya-uzenete-es-reflexioja\\\/\",\"url\":\"https:\\\/\\\/szentjozsef.org\\\/hu\\\/2024\\\/nem-kategorizalt\\\/markus-roland-atya-uzenete-es-reflexioja\\\/\",\"name\":\"M\u00e1rkus Roland atya \u00fczenete \u00e9s reflexi\u00f3ja - Szent J\u00f3zsef\",\"isPartOf\":{\"@id\":\"https:\\\/\\\/szentjozsef.org\\\/hu\\\/#website\"},\"primaryImageOfPage\":{\"@id\":\"https:\\\/\\\/szentjozsef.org\\\/hu\\\/2024\\\/nem-kategorizalt\\\/markus-roland-atya-uzenete-es-reflexioja\\\/#primaryimage\"},\"image\":{\"@id\":\"https:\\\/\\\/szentjozsef.org\\\/hu\\\/2024\\\/nem-kategorizalt\\\/markus-roland-atya-uzenete-es-reflexioja\\\/#primaryimage\"},\"thumbnailUrl\":\"https:\\\/\\\/i0.wp.com\\\/szentjozsef.org\\\/wp-content\\\/uploads\\\/2024\\\/08\\\/portadaPRolandMarkus.png?fit=1280%2C720&ssl=1\",\"datePublished\":\"2024-08-15T22:12:10+00:00\",\"dateModified\":\"2024-08-18T23:42:04+00:00\",\"description\":\"M\u00e1rkus Roland atya \u00fczenete \u00e9s reflexi\u00f3ja, miel\u0151tt argent\u00ednai lelkip\u00e1sztori l\u00e1togat\u00e1sa ut\u00e1n visszat\u00e9rne Magyarorsz\u00e1gra. 2024. augusztus\",\"breadcrumb\":{\"@id\":\"https:\\\/\\\/szentjozsef.org\\\/hu\\\/2024\\\/nem-kategorizalt\\\/markus-roland-atya-uzenete-es-reflexioja\\\/#breadcrumb\"},\"inLanguage\":\"hu\",\"potentialAction\":[{\"@type\":\"ReadAction\",\"target\":[\"https:\\\/\\\/szentjozsef.org\\\/hu\\\/2024\\\/nem-kategorizalt\\\/markus-roland-atya-uzenete-es-reflexioja\\\/\"]}]},{\"@type\":\"ImageObject\",\"inLanguage\":\"hu\",\"@id\":\"https:\\\/\\\/szentjozsef.org\\\/hu\\\/2024\\\/nem-kategorizalt\\\/markus-roland-atya-uzenete-es-reflexioja\\\/#primaryimage\",\"url\":\"https:\\\/\\\/i0.wp.com\\\/szentjozsef.org\\\/wp-content\\\/uploads\\\/2024\\\/08\\\/portadaPRolandMarkus.png?fit=1280%2C720&ssl=1\",\"contentUrl\":\"https:\\\/\\\/i0.wp.com\\\/szentjozsef.org\\\/wp-content\\\/uploads\\\/2024\\\/08\\\/portadaPRolandMarkus.png?fit=1280%2C720&ssl=1\",\"width\":1280,\"height\":720,\"caption\":\"Visita pastoral del padre Roland M\u00e1rkus\"},{\"@type\":\"BreadcrumbList\",\"@id\":\"https:\\\/\\\/szentjozsef.org\\\/hu\\\/2024\\\/nem-kategorizalt\\\/markus-roland-atya-uzenete-es-reflexioja\\\/#breadcrumb\",\"itemListElement\":[{\"@type\":\"ListItem\",\"position\":1,\"name\":\"F\u0151oldal\",\"item\":\"https:\\\/\\\/szentjozsef.org\\\/hu\\\/\"},{\"@type\":\"ListItem\",\"position\":2,\"name\":\"M\u00e1rkus Roland atya \u00fczenete \u00e9s reflexi\u00f3ja\"}]},{\"@type\":\"WebSite\",\"@id\":\"https:\\\/\\\/szentjozsef.org\\\/hu\\\/#website\",\"url\":\"https:\\\/\\\/szentjozsef.org\\\/hu\\\/\",\"name\":\"Szent J\u00f3zsef\",\"description\":\"\u201cSAN JOSE HUNGAROS CATOLICOS DE ARGENTINA ASOCIACION CIVIL\u201d  \u2013 Szent J\u00f3zsef, argent\u00ednai katolikus magyar civil egyes\u00fclet \u2013\",\"publisher\":{\"@id\":\"https:\\\/\\\/szentjozsef.org\\\/hu\\\/#organization\"},\"potentialAction\":[{\"@type\":\"SearchAction\",\"target\":{\"@type\":\"EntryPoint\",\"urlTemplate\":\"https:\\\/\\\/szentjozsef.org\\\/hu\\\/?s={search_term_string}\"},\"query-input\":{\"@type\":\"PropertyValueSpecification\",\"valueRequired\":true,\"valueName\":\"search_term_string\"}}],\"inLanguage\":\"hu\"},{\"@type\":\"Organization\",\"@id\":\"https:\\\/\\\/szentjozsef.org\\\/hu\\\/#organization\",\"name\":\"Szent J\u00f3zsef \\\/ San Jos\u00e9\",\"url\":\"https:\\\/\\\/szentjozsef.org\\\/hu\\\/\",\"logo\":{\"@type\":\"ImageObject\",\"inLanguage\":\"hu\",\"@id\":\"https:\\\/\\\/szentjozsef.org\\\/hu\\\/#\\\/schema\\\/logo\\\/image\\\/\",\"url\":\"https:\\\/\\\/i0.wp.com\\\/szentjozsef.org\\\/wp-content\\\/uploads\\\/2022\\\/01\\\/10-1.png?fit=500%2C500&ssl=1\",\"contentUrl\":\"https:\\\/\\\/i0.wp.com\\\/szentjozsef.org\\\/wp-content\\\/uploads\\\/2022\\\/01\\\/10-1.png?fit=500%2C500&ssl=1\",\"width\":500,\"height\":500,\"caption\":\"Szent J\u00f3zsef \\\/ San Jos\u00e9\"},\"image\":{\"@id\":\"https:\\\/\\\/szentjozsef.org\\\/hu\\\/#\\\/schema\\\/logo\\\/image\\\/\"},\"sameAs\":[\"https:\\\/\\\/x.com\\\/SzentJozsef\",\"https:\\\/\\\/www.youtube.com\\\/channel\\\/UCes8RN4qyFrTp80YfCedw7g\"]},{\"@type\":\"Person\",\"@id\":\"https:\\\/\\\/szentjozsef.org\\\/hu\\\/#\\\/schema\\\/person\\\/c5103e9e15676796dc69c52ebbdc879a\",\"name\":\"admin.szj\",\"image\":{\"@type\":\"ImageObject\",\"inLanguage\":\"hu\",\"@id\":\"https:\\\/\\\/secure.gravatar.com\\\/avatar\\\/d1a8e06dabc46c0d35d1121ebb4f989346734903df2cacfc3b1f7e1efa61776d?s=96&d=mm&r=g\",\"url\":\"https:\\\/\\\/secure.gravatar.com\\\/avatar\\\/d1a8e06dabc46c0d35d1121ebb4f989346734903df2cacfc3b1f7e1efa61776d?s=96&d=mm&r=g\",\"contentUrl\":\"https:\\\/\\\/secure.gravatar.com\\\/avatar\\\/d1a8e06dabc46c0d35d1121ebb4f989346734903df2cacfc3b1f7e1efa61776d?s=96&d=mm&r=g\",\"caption\":\"admin.szj\"},\"sameAs\":[\"https:\\\/\\\/szentjozsef.org\"],\"url\":\"https:\\\/\\\/szentjozsef.org\\\/hu\\\/author\\\/admin-szj\\\/\"}]}<\/script>\n<!-- \/ Yoast SEO Premium plugin. -->","yoast_head_json":{"title":"M\u00e1rkus Roland atya \u00fczenete \u00e9s reflexi\u00f3ja - Szent J\u00f3zsef","description":"M\u00e1rkus Roland atya \u00fczenete \u00e9s reflexi\u00f3ja, miel\u0151tt argent\u00ednai lelkip\u00e1sztori l\u00e1togat\u00e1sa ut\u00e1n visszat\u00e9rne Magyarorsz\u00e1gra. 2024. augusztus","robots":{"index":"index","follow":"follow","max-snippet":"max-snippet:-1","max-image-preview":"max-image-preview:large","max-video-preview":"max-video-preview:-1"},"canonical":"https:\/\/szentjozsef.org\/hu\/2024\/nem-kategorizalt\/markus-roland-atya-uzenete-es-reflexioja\/","og_locale":"hu_HU","og_type":"article","og_title":"M\u00e1rkus Roland atya \u00fczenete \u00e9s reflexi\u00f3ja","og_description":"M\u00e1rkus Roland atya \u00fczenete \u00e9s reflexi\u00f3ja, miel\u0151tt argent\u00ednai lelkip\u00e1sztori l\u00e1togat\u00e1sa ut\u00e1n visszat\u00e9rne Magyarorsz\u00e1gra. 2024. augusztus","og_url":"https:\/\/szentjozsef.org\/hu\/2024\/nem-kategorizalt\/markus-roland-atya-uzenete-es-reflexioja\/","og_site_name":"Szent J\u00f3zsef","article_published_time":"2024-08-15T22:12:10+00:00","article_modified_time":"2024-08-18T23:42:04+00:00","og_image":[{"width":1280,"height":720,"url":"https:\/\/i0.wp.com\/szentjozsef.org\/wp-content\/uploads\/2024\/08\/portadaPRolandMarkus.png?fit=1280%2C720&ssl=1","type":"image\/png"}],"author":"admin.szj","twitter_card":"summary_large_image","twitter_creator":"@SzentJozsef","twitter_site":"@SzentJozsef","twitter_misc":{"Szerz\u0151:":"admin.szj","Becs\u00fclt olvas\u00e1si id\u0151":"2 perc"},"schema":{"@context":"https:\/\/schema.org","@graph":[{"@type":"Article","@id":"https:\/\/szentjozsef.org\/hu\/2024\/nem-kategorizalt\/markus-roland-atya-uzenete-es-reflexioja\/#article","isPartOf":{"@id":"https:\/\/szentjozsef.org\/hu\/2024\/nem-kategorizalt\/markus-roland-atya-uzenete-es-reflexioja\/"},"author":{"name":"admin.szj","@id":"https:\/\/szentjozsef.org\/hu\/#\/schema\/person\/c5103e9e15676796dc69c52ebbdc879a"},"headline":"M\u00e1rkus Roland atya \u00fczenete \u00e9s reflexi\u00f3ja","datePublished":"2024-08-15T22:12:10+00:00","dateModified":"2024-08-18T23:42:04+00:00","mainEntityOfPage":{"@id":"https:\/\/szentjozsef.org\/hu\/2024\/nem-kategorizalt\/markus-roland-atya-uzenete-es-reflexioja\/"},"wordCount":432,"commentCount":0,"publisher":{"@id":"https:\/\/szentjozsef.org\/hu\/#organization"},"image":{"@id":"https:\/\/szentjozsef.org\/hu\/2024\/nem-kategorizalt\/markus-roland-atya-uzenete-es-reflexioja\/#primaryimage"},"thumbnailUrl":"https:\/\/i0.wp.com\/szentjozsef.org\/wp-content\/uploads\/2024\/08\/portadaPRolandMarkus.png?fit=1280%2C720&ssl=1","articleSection":["Nem kategoriz\u00e1lt"],"inLanguage":"hu","potentialAction":[{"@type":"CommentAction","name":"Comment","target":["https:\/\/szentjozsef.org\/hu\/2024\/nem-kategorizalt\/markus-roland-atya-uzenete-es-reflexioja\/#respond"]}]},{"@type":"WebPage","@id":"https:\/\/szentjozsef.org\/hu\/2024\/nem-kategorizalt\/markus-roland-atya-uzenete-es-reflexioja\/","url":"https:\/\/szentjozsef.org\/hu\/2024\/nem-kategorizalt\/markus-roland-atya-uzenete-es-reflexioja\/","name":"M\u00e1rkus Roland atya \u00fczenete \u00e9s reflexi\u00f3ja - Szent J\u00f3zsef","isPartOf":{"@id":"https:\/\/szentjozsef.org\/hu\/#website"},"primaryImageOfPage":{"@id":"https:\/\/szentjozsef.org\/hu\/2024\/nem-kategorizalt\/markus-roland-atya-uzenete-es-reflexioja\/#primaryimage"},"image":{"@id":"https:\/\/szentjozsef.org\/hu\/2024\/nem-kategorizalt\/markus-roland-atya-uzenete-es-reflexioja\/#primaryimage"},"thumbnailUrl":"https:\/\/i0.wp.com\/szentjozsef.org\/wp-content\/uploads\/2024\/08\/portadaPRolandMarkus.png?fit=1280%2C720&ssl=1","datePublished":"2024-08-15T22:12:10+00:00","dateModified":"2024-08-18T23:42:04+00:00","description":"M\u00e1rkus Roland atya \u00fczenete \u00e9s reflexi\u00f3ja, miel\u0151tt argent\u00ednai lelkip\u00e1sztori l\u00e1togat\u00e1sa ut\u00e1n visszat\u00e9rne Magyarorsz\u00e1gra. 2024. augusztus","breadcrumb":{"@id":"https:\/\/szentjozsef.org\/hu\/2024\/nem-kategorizalt\/markus-roland-atya-uzenete-es-reflexioja\/#breadcrumb"},"inLanguage":"hu","potentialAction":[{"@type":"ReadAction","target":["https:\/\/szentjozsef.org\/hu\/2024\/nem-kategorizalt\/markus-roland-atya-uzenete-es-reflexioja\/"]}]},{"@type":"ImageObject","inLanguage":"hu","@id":"https:\/\/szentjozsef.org\/hu\/2024\/nem-kategorizalt\/markus-roland-atya-uzenete-es-reflexioja\/#primaryimage","url":"https:\/\/i0.wp.com\/szentjozsef.org\/wp-content\/uploads\/2024\/08\/portadaPRolandMarkus.png?fit=1280%2C720&ssl=1","contentUrl":"https:\/\/i0.wp.com\/szentjozsef.org\/wp-content\/uploads\/2024\/08\/portadaPRolandMarkus.png?fit=1280%2C720&ssl=1","width":1280,"height":720,"caption":"Visita pastoral del padre Roland M\u00e1rkus"},{"@type":"BreadcrumbList","@id":"https:\/\/szentjozsef.org\/hu\/2024\/nem-kategorizalt\/markus-roland-atya-uzenete-es-reflexioja\/#breadcrumb","itemListElement":[{"@type":"ListItem","position":1,"name":"F\u0151oldal","item":"https:\/\/szentjozsef.org\/hu\/"},{"@type":"ListItem","position":2,"name":"M\u00e1rkus Roland atya \u00fczenete \u00e9s reflexi\u00f3ja"}]},{"@type":"WebSite","@id":"https:\/\/szentjozsef.org\/hu\/#website","url":"https:\/\/szentjozsef.org\/hu\/","name":"Szent J\u00f3zsef","description":"\u201cSAN JOSE HUNGAROS CATOLICOS DE ARGENTINA ASOCIACION CIVIL\u201d  \u2013 Szent J\u00f3zsef, argent\u00ednai katolikus magyar civil egyes\u00fclet \u2013","publisher":{"@id":"https:\/\/szentjozsef.org\/hu\/#organization"},"potentialAction":[{"@type":"SearchAction","target":{"@type":"EntryPoint","urlTemplate":"https:\/\/szentjozsef.org\/hu\/?s={search_term_string}"},"query-input":{"@type":"PropertyValueSpecification","valueRequired":true,"valueName":"search_term_string"}}],"inLanguage":"hu"},{"@type":"Organization","@id":"https:\/\/szentjozsef.org\/hu\/#organization","name":"Szent J\u00f3zsef \/ San Jos\u00e9","url":"https:\/\/szentjozsef.org\/hu\/","logo":{"@type":"ImageObject","inLanguage":"hu","@id":"https:\/\/szentjozsef.org\/hu\/#\/schema\/logo\/image\/","url":"https:\/\/i0.wp.com\/szentjozsef.org\/wp-content\/uploads\/2022\/01\/10-1.png?fit=500%2C500&ssl=1","contentUrl":"https:\/\/i0.wp.com\/szentjozsef.org\/wp-content\/uploads\/2022\/01\/10-1.png?fit=500%2C500&ssl=1","width":500,"height":500,"caption":"Szent J\u00f3zsef \/ San Jos\u00e9"},"image":{"@id":"https:\/\/szentjozsef.org\/hu\/#\/schema\/logo\/image\/"},"sameAs":["https:\/\/x.com\/SzentJozsef","https:\/\/www.youtube.com\/channel\/UCes8RN4qyFrTp80YfCedw7g"]},{"@type":"Person","@id":"https:\/\/szentjozsef.org\/hu\/#\/schema\/person\/c5103e9e15676796dc69c52ebbdc879a","name":"admin.szj","image":{"@type":"ImageObject","inLanguage":"hu","@id":"https:\/\/secure.gravatar.com\/avatar\/d1a8e06dabc46c0d35d1121ebb4f989346734903df2cacfc3b1f7e1efa61776d?s=96&d=mm&r=g","url":"https:\/\/secure.gravatar.com\/avatar\/d1a8e06dabc46c0d35d1121ebb4f989346734903df2cacfc3b1f7e1efa61776d?s=96&d=mm&r=g","contentUrl":"https:\/\/secure.gravatar.com\/avatar\/d1a8e06dabc46c0d35d1121ebb4f989346734903df2cacfc3b1f7e1efa61776d?s=96&d=mm&r=g","caption":"admin.szj"},"sameAs":["https:\/\/szentjozsef.org"],"url":"https:\/\/szentjozsef.org\/hu\/author\/admin-szj\/"}]}},"jetpack_featured_media_url":"https:\/\/i0.wp.com\/szentjozsef.org\/wp-content\/uploads\/2024\/08\/portadaPRolandMarkus.png?fit=1280%2C720&ssl=1","jetpack_sharing_enabled":true,"_links":{"self":[{"href":"https:\/\/szentjozsef.org\/hu\/wp-json\/wp\/v2\/posts\/596","targetHints":{"allow":["GET"]}}],"collection":[{"href":"https:\/\/szentjozsef.org\/hu\/wp-json\/wp\/v2\/posts"}],"about":[{"href":"https:\/\/szentjozsef.org\/hu\/wp-json\/wp\/v2\/types\/post"}],"author":[{"embeddable":true,"href":"https:\/\/szentjozsef.org\/hu\/wp-json\/wp\/v2\/users\/1"}],"replies":[{"embeddable":true,"href":"https:\/\/szentjozsef.org\/hu\/wp-json\/wp\/v2\/comments?post=596"}],"version-history":[{"count":5,"href":"https:\/\/szentjozsef.org\/hu\/wp-json\/wp\/v2\/posts\/596\/revisions"}],"predecessor-version":[{"id":604,"href":"https:\/\/szentjozsef.org\/hu\/wp-json\/wp\/v2\/posts\/596\/revisions\/604"}],"wp:featuredmedia":[{"embeddable":true,"href":"https:\/\/szentjozsef.org\/hu\/wp-json\/wp\/v2\/media\/546"}],"wp:attachment":[{"href":"https:\/\/szentjozsef.org\/hu\/wp-json\/wp\/v2\/media?parent=596"}],"wp:term":[{"taxonomy":"category","embeddable":true,"href":"https:\/\/szentjozsef.org\/hu\/wp-json\/wp\/v2\/categories?post=596"},{"taxonomy":"post_tag","embeddable":true,"href":"https:\/\/szentjozsef.org\/hu\/wp-json\/wp\/v2\/tags?post=596"}],"curies":[{"name":"wp","href":"https:\/\/api.w.org\/{rel}","templated":true}]}}